[{"id":40700,"date":"2026-09-02T12:35:37","date_gmt":"2026-09-02T18:35:37","guid":{"rendered":"https:\/\/chl.ca\/whl-broncos\/?p=40700"},"modified":"2026-09-02T12:44:37","modified_gmt":"2026-09-02T18:44:37","slug":"40700-2","status":"publish","type":"post","link":"https:\/\/chl.ca\/whl-broncos\/article\/40700-2","title":{"rendered":"Broncos Announce 2026-27 Preseason Roster"},"content":{"rendered":"<p class=\"cvGsUA block-font-kerning-normal block-font-feature-liga-off block-font-feature-clig-off block-font-feature-calt-off direction-ltr align-start\"><strong><span class=\"a_GcMg font-feature-liga-off font-feature-clig-off font-feature-calt-off text-decoration-none text-strikethrough-none\">Swift Current, SK \u2013 <\/span><\/strong><span class=\"a_GcMg font-feature-liga-off font-feature-clig-off font-feature-calt-off text-decoration-none text-strikethrough-none\">The Swift Current Broncos have announced their roster for the 2026-27 WHL pre-season.<\/span><\/p>\n<p class=\"cvGsUA block-font-kerning-normal block-font-feature-liga-off block-font-feature-clig-off block-font-feature-calt-off direction-ltr align-start\"><span class=\"a_GcMg font-feature-liga-off font-feature-clig-off font-feature-calt-off text-decoration-none text-strikethrough-none\">The roster features 34 players, including 20 forwards, 10 defencemen and four goaltenders, as the Broncos continue preparations for the 2026-27 Western Hockey League season.<\/span><\/p>\n<p class=\"cvGsUA block-font-kerning-normal block-font-feature-liga-off block-font-feature-clig-off block-font-feature-calt-off direction-ltr align-start\"><strong><span class=\"a_GcMg font-feature-liga-off font-feature-clig-off font-feature-calt-off text-decoration-none text-strikethrough-none\">FORWARDS<\/span><\/strong><\/p>\n<p class=\"cvGsUA block-font-kerning-normal block-font-feature-liga-off block-font-feature-clig-off block-font-feature-calt-off direction-ltr align-start\"><span class=\"a_GcMg font-feature-liga-off font-feature-clig-off font-feature-calt-off text-decoration-none text-strikethrough-none\">Stepan Farushev<\/span><\/p>\n<p class=\"cvGsUA block-font-kerning-normal block-font-feature-liga-off block-font-feature-clig-off block-font-feature-calt-off direction-ltr align-start\"><span class=\"a_GcMg font-feature-liga-off font-feature-clig-off font-feature-calt-off text-decoration-none text-strikethrough-none\">Ty Meunier<\/span><\/p>\n<p class=\"cvGsUA block-font-kerning-normal block-font-feature-liga-off block-font-feature-clig-off block-font-feature-calt-off direction-ltr align-start\"><span class=\"a_GcMg font-feature-liga-off font-feature-clig-off font-feature-calt-off text-decoration-none text-strikethrough-none\">Hudson Kibblewhite<\/span><\/p>\n<p class=\"cvGsUA block-font-kerning-normal block-font-feature-liga-off block-font-feature-clig-off block-font-feature-calt-off direction-ltr align-start\"><span class=\"a_GcMg font-feature-liga-off font-feature-clig-off font-feature-calt-off text-decoration-none text-strikethrough-none\">Gavin Harrison<\/span><\/p>\n<p class=\"cvGsUA block-font-kerning-normal block-font-feature-liga-off block-font-feature-clig-off block-font-feature-calt-off direction-ltr align-start\"><span class=\"a_GcMg font-feature-liga-off font-feature-clig-off font-feature-calt-off text-decoration-none text-strikethrough-none\">Brock Burch<\/span><\/p>\n<p class=\"cvGsUA block-font-kerning-normal block-font-feature-liga-off block-font-feature-clig-off block-font-feature-calt-off direction-ltr align-start\"><span class=\"a_GcMg font-feature-liga-off font-feature-clig-off font-feature-calt-off text-decoration-none text-strikethrough-none\">Luke Huska<\/span><\/p>\n<p class=\"cvGsUA block-font-kerning-normal block-font-feature-liga-off block-font-feature-clig-off block-font-feature-calt-off direction-ltr align-start\"><span class=\"a_GcMg font-feature-liga-off font-feature-clig-off font-feature-calt-off text-decoration-none text-strikethrough-none\">Oliver Torkki<\/span><\/p>\n<p class=\"cvGsUA block-font-kerning-normal block-font-feature-liga-off block-font-feature-clig-off block-font-feature-calt-off direction-ltr align-start\"><span class=\"a_GcMg font-feature-liga-off font-feature-clig-off font-feature-calt-off text-decoration-none text-strikethrough-none\">Brendan Rudolph<\/span><\/p>\n<p class=\"cvGsUA block-font-kerning-normal block-font-feature-liga-off block-font-feature-clig-off block-font-feature-calt-off direction-ltr align-start\"><span class=\"a_GcMg font-feature-liga-off font-feature-clig-off font-feature-calt-off text-decoration-none text-strikethrough-none\">Sawyer Dingman<\/span><\/p>\n<p class=\"cvGsUA block-font-kerning-normal block-font-feature-liga-off block-font-feature-clig-off block-font-feature-calt-off direction-ltr align-start\"><span class=\"a_GcMg font-feature-liga-off font-feature-clig-off font-feature-calt-off text-decoration-none text-strikethrough-none\">Zach Pantelakis<\/span><\/p>\n<p class=\"cvGsUA block-font-kerning-normal block-font-feature-liga-off block-font-feature-clig-off block-font-feature-calt-off direction-ltr align-start\"><span class=\"a_GcMg font-feature-liga-off font-feature-clig-off font-feature-calt-off text-decoration-none text-strikethrough-none\">Carter Moen<\/span><\/p>\n<p class=\"cvGsUA block-font-kerning-normal block-font-feature-liga-off block-font-feature-clig-off block-font-feature-calt-off direction-ltr align-start\"><span class=\"a_GcMg font-feature-liga-off font-feature-clig-off font-feature-calt-off text-decoration-none text-strikethrough-none\">Parker Rondeau<\/span><\/p>\n<p class=\"cvGsUA block-font-kerning-normal block-font-feature-liga-off block-font-feature-clig-off block-font-feature-calt-off direction-ltr align-start\"><span class=\"a_GcMg font-feature-liga-off font-feature-clig-off font-feature-calt-off text-decoration-none text-strikethrough-none\">Trae Wilke<\/span><\/p>\n<p class=\"cvGsUA block-font-kerning-normal block-font-feature-liga-off block-font-feature-clig-off block-font-feature-calt-off direction-ltr align-start\"><span class=\"a_GcMg font-feature-liga-off font-feature-clig-off font-feature-calt-off text-decoration-none text-strikethrough-none\">Kasey Gleim<\/span><\/p>\n<p class=\"cvGsUA block-font-kerning-normal block-font-feature-liga-off block-font-feature-clig-off block-font-feature-calt-off direction-ltr align-start\"><span class=\"a_GcMg font-feature-liga-off font-feature-clig-off font-feature-calt-off text-decoration-none text-strikethrough-none\">Ashton McCann<\/span><\/p>\n<p class=\"cvGsUA block-font-kerning-normal block-font-feature-liga-off block-font-feature-clig-off block-font-feature-calt-off direction-ltr align-start\"><span class=\"a_GcMg font-feature-liga-off font-feature-clig-off font-feature-calt-off text-decoration-none text-strikethrough-none\">Easton Pitz<\/span><\/p>\n<p class=\"cvGsUA block-font-kerning-normal block-font-feature-liga-off block-font-feature-clig-off block-font-feature-calt-off direction-ltr align-start\"><span class=\"a_GcMg font-feature-liga-off font-feature-clig-off font-feature-calt-off text-decoration-none text-strikethrough-none\">Lincoln Ayers Assad<\/span><\/p>\n<p class=\"cvGsUA block-font-kerning-normal block-font-feature-liga-off block-font-feature-clig-off block-font-feature-calt-off direction-ltr align-start\"><span class=\"a_GcMg font-feature-liga-off font-feature-clig-off font-feature-calt-off text-decoration-none text-strikethrough-none\">Jacob Beaulieu<\/span><\/p>\n<p class=\"cvGsUA block-font-kerning-normal block-font-feature-liga-off block-font-feature-clig-off block-font-feature-calt-off direction-ltr align-start\"><span class=\"a_GcMg font-feature-liga-off font-feature-clig-off font-feature-calt-off text-decoration-none text-strikethrough-none\">Jayden Oleskiw<\/span><\/p>\n<p class=\"cvGsUA block-font-kerning-normal block-font-feature-liga-off block-font-feature-clig-off block-font-feature-calt-off direction-ltr align-start\"><span class=\"a_GcMg font-feature-liga-off font-feature-clig-off font-feature-calt-off text-decoration-none text-strikethrough-none\">Jamie Kirwan<\/span><\/p>\n<p>&nbsp;<\/p>\n<p class=\"cvGsUA block-font-kerning-normal block-font-feature-liga-off block-font-feature-clig-off block-font-feature-calt-off direction-ltr align-start\"><strong><span class=\"a_GcMg font-feature-liga-off font-feature-clig-off font-feature-calt-off text-decoration-none text-strikethrough-none\">DEFENCEMEN<\/span><\/strong><\/p>\n<p class=\"cvGsUA block-font-kerning-normal block-font-feature-liga-off block-font-feature-clig-off block-font-feature-calt-off direction-ltr align-start\"><span class=\"a_GcMg font-feature-liga-off font-feature-clig-off font-feature-calt-off text-decoration-none text-strikethrough-none\">Avi Kasargod<\/span><\/p>\n<p class=\"cvGsUA block-font-kerning-normal block-font-feature-liga-off block-font-feature-clig-off block-font-feature-calt-off direction-ltr align-start\"><span class=\"a_GcMg font-feature-liga-off font-feature-clig-off font-feature-calt-off text-decoration-none text-strikethrough-none\">Christian Pitz<\/span><\/p>\n<p class=\"cvGsUA block-font-kerning-normal block-font-feature-liga-off block-font-feature-clig-off block-font-feature-calt-off direction-ltr align-start\"><span class=\"a_GcMg font-feature-liga-off font-feature-clig-off font-feature-calt-off text-decoration-none text-strikethrough-none\">Yuri Vlasenko<\/span><\/p>\n<p class=\"cvGsUA block-font-kerning-normal block-font-feature-liga-off block-font-feature-clig-off block-font-feature-calt-off direction-ltr align-start\"><span class=\"a_GcMg font-feature-liga-off font-feature-clig-off font-feature-calt-off text-decoration-none text-strikethrough-none\">Jace McFaul<\/span><\/p>\n<p class=\"cvGsUA block-font-kerning-normal block-font-feature-liga-off block-font-feature-clig-off block-font-feature-calt-off direction-ltr align-start\"><span class=\"a_GcMg font-feature-liga-off font-feature-clig-off font-feature-calt-off text-decoration-none text-strikethrough-none\">Hyde Davidson<\/span><\/p>\n<p class=\"cvGsUA block-font-kerning-normal block-font-feature-liga-off block-font-feature-clig-off block-font-feature-calt-off direction-ltr align-start\"><span class=\"a_GcMg font-feature-liga-off font-feature-clig-off font-feature-calt-off text-decoration-none text-strikethrough-none\">Kayd Ruedig<\/span><\/p>\n<p class=\"cvGsUA block-font-kerning-normal block-font-feature-liga-off block-font-feature-clig-off block-font-feature-calt-off direction-ltr align-start\"><span class=\"a_GcMg font-feature-liga-off font-feature-clig-off font-feature-calt-off text-decoration-none text-strikethrough-none\">Hudson Kowalchuk<\/span><\/p>\n<p class=\"cvGsUA block-font-kerning-normal block-font-feature-liga-off block-font-feature-clig-off block-font-feature-calt-off direction-ltr align-start\"><span class=\"a_GcMg font-feature-liga-off font-feature-clig-off font-feature-calt-off text-decoration-none text-strikethrough-none\">Colton Alain<\/span><\/p>\n<p class=\"cvGsUA block-font-kerning-normal block-font-feature-liga-off block-font-feature-clig-off block-font-feature-calt-off direction-ltr align-start\"><span class=\"a_GcMg font-feature-liga-off font-feature-clig-off font-feature-calt-off text-decoration-none text-strikethrough-none\">Daxon Yerex<\/span><\/p>\n<p class=\"cvGsUA block-font-kerning-normal block-font-feature-liga-off block-font-feature-clig-off block-font-feature-calt-off direction-ltr align-start\"><span class=\"a_GcMg font-feature-liga-off font-feature-clig-off font-feature-calt-off text-decoration-none text-strikethrough-none\">Lucas Conrad<\/span><\/p>\n<p>&nbsp;<\/p>\n<p class=\"cvGsUA block-font-kerning-normal block-font-feature-liga-off block-font-feature-clig-off block-font-feature-calt-off direction-ltr align-start\"><strong><span class=\"a_GcMg font-feature-liga-off font-feature-clig-off font-feature-calt-off text-decoration-none text-strikethrough-none\">GOALTENDERS<\/span><\/strong><\/p>\n<p class=\"cvGsUA block-font-kerning-normal block-font-feature-liga-off block-font-feature-clig-off block-font-feature-calt-off direction-ltr align-start\"><span class=\"a_GcMg font-feature-liga-off font-feature-clig-off font-feature-calt-off text-decoration-none text-strikethrough-none\">Cal Conway<\/span><\/p>\n<p class=\"cvGsUA block-font-kerning-normal block-font-feature-liga-off block-font-feature-clig-off block-font-feature-calt-off direction-ltr align-start\"><span class=\"a_GcMg font-feature-liga-off font-feature-clig-off font-feature-calt-off text-decoration-none text-strikethrough-none\">Archer Cooke<\/span><\/p>\n<p class=\"cvGsUA block-font-kerning-normal block-font-feature-liga-off block-font-feature-clig-off block-font-feature-calt-off direction-ltr align-start\"><span class=\"a_GcMg font-feature-liga-off font-feature-clig-off font-feature-calt-off text-decoration-none text-strikethrough-none\">Aiden Eskit<\/span><\/p>\n<p class=\"cvGsUA block-font-kerning-normal block-font-feature-liga-off block-font-feature-clig-off block-font-feature-calt-off direction-ltr align-start\"><span class=\"a_GcMg font-feature-liga-off font-feature-clig-off font-feature-calt-off text-decoration-none text-strikethrough-none\">Wyatt Riemer<\/span><\/p>\n<p>&nbsp;<\/p>\n<p class=\"cvGsUA block-font-kerning-normal block-font-feature-liga-off block-font-feature-clig-off block-font-feature-calt-off direction-ltr align-start\"><span class=\"a_GcMg font-feature-liga-off font-feature-clig-off font-feature-calt-off text-decoration-none text-strikethrough-none\">The Broncos return to action on Friday, September 4 at 7:00 p.m. when they welcome the Saskatoon Blades to the InnovationPlex for their first home game of the pre-season.<\/span><\/p>\n<p class=\"cvGsUA block-font-kerning-normal block-font-feature-liga-off block-font-feature-clig-off block-font-feature-calt-off direction-ltr align-start\"><span class=\"a_GcMg font-feature-liga-off font-feature-clig-off font-feature-calt-off text-decoration-none text-strikethrough-none\">Tickets for Friday\u2019s game are $15 for adults and $10 for youth.<\/span><\/p>\n","protected":false},"excerpt":{"rendered":"<p>Swift Current, SK \u2013 The Swift Current Broncos have announced their roster for the 2026-27 WHL pre-season. The roster features 34 players, including 20 forwards, 10 defencemen and four goaltenders, as the Broncos continue preparations for the 2026-27 Western Hockey League season. FORWARDS Stepan Farushev Ty Meunier Hudson Kibblewhite Gavin Harrison Brock Burch Luke Huska&hellip;<\/p>\n","protected":false},"author":464,"featured_media":40701,"comment_status":"closed","ping_status":"closed","sticky":false,"template":"","format":"article","meta":{"_acf_changed":false,"footnotes":""},"categories":[709],"tags":false,"class_list":["post-40700","post","type-post","status-publish","format-standard","has-post-thumbnail","hentry","category-article","category-709","description-off"],"acf":[],"featured_image":["https:\/\/media.chl.ca\/wp-content\/uploads\/sites\/54\/2026\/09\/02123439\/BRONCOS-HEADER-8-scaled.png",2560,1440,false],"hide_from_app_feed":false,"video":false,"gallery":null,"ht_game_id":0,"target_video":false,"_links":{"self":[{"href":"https:\/\/chl.ca\/whl-broncos\/wp-json\/wp\/v2\/posts\/40700","targetHints":{"allow":["GET"]}}],"collection":[{"href":"https:\/\/chl.ca\/whl-broncos\/wp-json\/wp\/v2\/posts"}],"about":[{"href":"https:\/\/chl.ca\/whl-broncos\/wp-json\/wp\/v2\/types\/post"}],"author":[{"embeddable":true,"href":"https:\/\/chl.ca\/whl-broncos\/wp-json\/wp\/v2\/users\/464"}],"replies":[{"embeddable":true,"href":"https:\/\/chl.ca\/whl-broncos\/wp-json\/wp\/v2\/comments?post=40700"}],"version-history":[{"count":3,"href":"https:\/\/chl.ca\/whl-broncos\/wp-json\/wp\/v2\/posts\/40700\/revisions"}],"predecessor-version":[{"id":40704,"href":"https:\/\/chl.ca\/whl-broncos\/wp-json\/wp\/v2\/posts\/40700\/revisions\/40704"}],"wp:featuredmedia":[{"embeddable":true,"href":"https:\/\/chl.ca\/whl-broncos\/wp-json\/wp\/v2\/media\/40701"}],"wp:attachment":[{"href":"https:\/\/chl.ca\/whl-broncos\/wp-json\/wp\/v2\/media?parent=40700"}],"wp:term":[{"taxonomy":"category","embeddable":true,"href":"https:\/\/chl.ca\/whl-broncos\/wp-json\/wp\/v2\/categories?post=40700"},{"taxonomy":"post_tag","embeddable":true,"href":"https:\/\/chl.ca\/whl-broncos\/wp-json\/wp\/v2\/tags?post=40700"}],"curies":[{"name":"wp","href":"https:\/\/api.w.org\/{rel}","templated":true}]}},{"id":40697,"date":"2026-09-01T22:55:04","date_gmt":"2026-09-02T04:55:04","guid":{"rendered":"https:\/\/chl.ca\/whl-broncos\/?p=40697"},"modified":"2026-09-01T22:55:04","modified_gmt":"2026-09-02T04:55:04","slug":"broncos-drop-pre-season-rookie-game-3-2-to-regina","status":"publish","type":"post","link":"https:\/\/chl.ca\/whl-broncos\/article\/broncos-drop-pre-season-rookie-game-3-2-to-regina","title":{"rendered":"Broncos Drop Pre-Season Rookie Game 3-2 to Regina"},"content":{"rendered":"<p class=\"isSelectedEnd\">The Swift Current Broncos opened their 2026 pre-season schedule Tuesday night at the Brandt Centre, falling 3-2 to the Regina Pats in the annual Rookie Game.<\/p>\n<p class=\"isSelectedEnd\">Both teams came out with plenty of energy in the opening period, but neither side was able to find the back of the net. Broncos goaltender Wyatt Riemer turned aside all 11 shots he faced in the first to keep the game scoreless through 20 minutes.<\/p>\n<p class=\"isSelectedEnd\">Swift Current broke through at 9:17 of the second period. Jaxon Dean opened the scoring for the Broncos, finishing a play set up by Cohenn Rotar and Easton Pitz to give Swift Current a 1-0 advantage.<\/p>\n<p class=\"isSelectedEnd\">Regina responded at 15:32 when Cohen Handby found the back of the net to even the game at one.<\/p>\n<p class=\"isSelectedEnd\">The Broncos regained the lead just under two minutes later. Rotar added a goal to his earlier assist, scoring at 17:26 off a feed from Luke Huska to send Swift Current into the second intermission with a 2-1 lead.<\/p>\n<p class=\"isSelectedEnd\">Regina found the equalizer while shorthanded at 12:28 of the third period, as Braden Hordichuk made it 2-2. Just 20 seconds later, Hordichuk struck again, scoring what would stand as the game-winning goal and giving the Pats their first lead of the night at 3-2.<\/p>\n<p class=\"isSelectedEnd\">The Broncos were unable to find the tying goal in the remaining minutes as Regina held on for the 3-2 victory.<\/p>\n<p class=\"isSelectedEnd\">Swift Current finished the night 0-for-6 on the power play while holding Regina scoreless on two opportunities. The Pats held a 26-24 advantage in shots and won 38 of 67 faceoffs.<\/p>\n<p class=\"isSelectedEnd\">The Broncos used a different goaltender in each period. Riemer stopped all 11 shots he faced in the first, Delano Pockar made five saves on six shots in the second, and Max Davis stopped seven of nine in the third.<\/p>\n<p>Swift Current continues its pre-season schedule Friday, September 4, when the Saskatoon Blades visit the InnovationPlex for the Broncos&#8217; first home pre-season game. Puck drop is set for 7:00 p.m.<\/p>\n","protected":false},"excerpt":{"rendered":"<p>The Swift Current Broncos opened their 2026 pre-season schedule Tuesday night at the Brandt Centre, falling 3-2 to the Regina Pats in the annual Rookie Game. Both teams came out with plenty of energy in the opening period, but neither side was able to find the back of the net. Broncos goaltender Wyatt Riemer turned&hellip;<\/p>\n","protected":false},"author":464,"featured_media":40698,"comment_status":"closed","ping_status":"closed","sticky":false,"template":"","format":"article","meta":{"_acf_changed":false,"footnotes":""},"categories":[709],"tags":false,"class_list":["post-40697","post","type-post","status-publish","format-standard","has-post-thumbnail","hentry","category-article","category-709","description-off"],"acf":[],"featured_image":["https:\/\/media.chl.ca\/wp-content\/uploads\/sites\/54\/2026\/09\/01225406\/GAME-RECAP-1-scaled.png",2560,1440,false],"hide_from_app_feed":false,"video":false,"gallery":null,"ht_game_id":0,"target_video":false,"_links":{"self":[{"href":"https:\/\/chl.ca\/whl-broncos\/wp-json\/wp\/v2\/posts\/40697","targetHints":{"allow":["GET"]}}],"collection":[{"href":"https:\/\/chl.ca\/whl-broncos\/wp-json\/wp\/v2\/posts"}],"about":[{"href":"https:\/\/chl.ca\/whl-broncos\/wp-json\/wp\/v2\/types\/post"}],"author":[{"embeddable":true,"href":"https:\/\/chl.ca\/whl-broncos\/wp-json\/wp\/v2\/users\/464"}],"replies":[{"embeddable":true,"href":"https:\/\/chl.ca\/whl-broncos\/wp-json\/wp\/v2\/comments?post=40697"}],"version-history":[{"count":1,"href":"https:\/\/chl.ca\/whl-broncos\/wp-json\/wp\/v2\/posts\/40697\/revisions"}],"predecessor-version":[{"id":40699,"href":"https:\/\/chl.ca\/whl-broncos\/wp-json\/wp\/v2\/posts\/40697\/revisions\/40699"}],"wp:featuredmedia":[{"embeddable":true,"href":"https:\/\/chl.ca\/whl-broncos\/wp-json\/wp\/v2\/media\/40698"}],"wp:attachment":[{"href":"https:\/\/chl.ca\/whl-broncos\/wp-json\/wp\/v2\/media?parent=40697"}],"wp:term":[{"taxonomy":"category","embeddable":true,"href":"https:\/\/chl.ca\/whl-broncos\/wp-json\/wp\/v2\/categories?post=40697"},{"taxonomy":"post_tag","embeddable":true,"href":"https:\/\/chl.ca\/whl-broncos\/wp-json\/wp\/v2\/tags?post=40697"}],"curies":[{"name":"wp","href":"https:\/\/api.w.org\/{rel}","templated":true}]}},{"id":40680,"date":"2026-08-25T18:11:36","date_gmt":"2026-08-26T00:11:36","guid":{"rendered":"https:\/\/chl.ca\/whl-broncos\/?p=40680"},"modified":"2026-08-25T18:11:36","modified_gmt":"2026-08-26T00:11:36","slug":"broncos-announce-hockey-operations-staff-for-2026-27-season","status":"publish","type":"post","link":"https:\/\/chl.ca\/whl-broncos\/article\/broncos-announce-hockey-operations-staff-for-2026-27-season","title":{"rendered":"Broncos Announce Hockey Operations Staff for 2026-27 Season"},"content":{"rendered":"<p class=\"cvGsUA block-font-kerning-normal block-font-feature-liga-off block-font-feature-clig-off block-font-feature-calt-off direction-ltr align-start\"><span class=\"a_GcMg font-feature-liga-off font-feature-clig-off font-feature-calt-off text-decoration-none text-strikethrough-none\"><strong>Swift Current, SK<\/strong> \u2013 <\/span><span class=\"a_GcMg font-feature-liga-off font-feature-clig-off font-feature-calt-off text-decoration-none text-strikethrough-none\">The Swift Current Broncos are pleased to announce the club\u2019s Hockey Operations staff for the 2026-27 Western Hockey League season.<\/span><\/p>\n<p class=\"cvGsUA block-font-kerning-normal block-font-feature-liga-off block-font-feature-clig-off block-font-feature-calt-off direction-ltr align-start\"><span class=\"a_GcMg font-feature-liga-off font-feature-clig-off font-feature-calt-off text-decoration-none text-strikethrough-none\">Led by General Manager and Head Coach Travis Crickard, the Broncos\u2019 Hockey Operations staff brings together experience in coaching, player development, goaltending, scouting, analytics and performance as the organization prepares for the upcoming season.<\/span><\/p>\n<p class=\"cvGsUA block-font-kerning-normal block-font-feature-liga-off block-font-feature-clig-off block-font-feature-calt-off direction-ltr align-start\"><strong><span class=\"a_GcMg font-feature-liga-off font-feature-clig-off font-feature-calt-off text-decoration-none text-strikethrough-none\">Coaching &amp; Player Development<\/span><\/strong><\/p>\n<ul>\n<li><span class=\"a_GcMg font-feature-liga-off font-feature-clig-off font-feature-calt-off text-decoration-none text-strikethrough-none\">Travis Crickard \u2013 General Manager &amp; Head Coach<\/span><\/li>\n<li><span class=\"a_GcMg font-feature-liga-off font-feature-clig-off font-feature-calt-off text-decoration-none text-strikethrough-none\">Regan Darby \u2013 Associate Coach<\/span><\/li>\n<li><span class=\"a_GcMg font-feature-liga-off font-feature-clig-off font-feature-calt-off text-decoration-none text-strikethrough-none\">Zach Franko \u2013 Assistant Coach<\/span><\/li>\n<li><span class=\"a_GcMg font-feature-liga-off font-feature-clig-off font-feature-calt-off text-decoration-none text-strikethrough-none\">Travis Moen \u2013 Skills &amp; Development Coach<\/span><\/li>\n<li><span class=\"a_GcMg font-feature-liga-off font-feature-clig-off font-feature-calt-off text-decoration-none text-strikethrough-none\">Dave Rathjen \u2013 Director of Goaltending<\/span><\/li>\n<li><span class=\"a_GcMg font-feature-liga-off font-feature-clig-off font-feature-calt-off text-decoration-none text-strikethrough-none\">Greg Greg Klevgaard \u2013 Goaltending Coach<\/span><\/li>\n<li><span class=\"a_GcMg font-feature-liga-off font-feature-clig-off font-feature-calt-off text-decoration-none text-strikethrough-none\">Ethan Murdoch \u2013 Strength &amp; Conditioning Coach \/ Performance Analyst<\/span><\/li>\n<li><span class=\"a_GcMg font-feature-liga-off font-feature-clig-off font-feature-calt-off text-decoration-none text-strikethrough-none\">Taylor Green \u2013 Manager of Hockey Operations<\/span><\/li>\n<\/ul>\n<p class=\"cvGsUA block-font-kerning-normal block-font-feature-liga-off block-font-feature-clig-off block-font-feature-calt-off direction-ltr align-start\"><strong><span class=\"a_GcMg font-feature-liga-off font-feature-clig-off font-feature-calt-off text-decoration-none text-strikethrough-none\">Scouting Staff<\/span><\/strong><\/p>\n<ul>\n<li><span class=\"a_GcMg font-feature-liga-off font-feature-clig-off font-feature-calt-off text-decoration-none text-strikethrough-none\">Chad Leslie \u2013 Director of Scouting<\/span><\/li>\n<li><span class=\"a_GcMg font-feature-liga-off font-feature-clig-off font-feature-calt-off text-decoration-none text-strikethrough-none\">Kerry Gladson \u2013 Head B.C. Scout<\/span><\/li>\n<li><span class=\"a_GcMg font-feature-liga-off font-feature-clig-off font-feature-calt-off text-decoration-none text-strikethrough-none\">Quinn Hancock \u2013 Head Alberta Scout<\/span><\/li>\n<li><span class=\"a_GcMg font-feature-liga-off font-feature-clig-off font-feature-calt-off text-decoration-none text-strikethrough-none\">Roy Stasiuk \u2013 Alberta Regional Scout<\/span><\/li>\n<li><span class=\"a_GcMg font-feature-liga-off font-feature-clig-off font-feature-calt-off text-decoration-none text-strikethrough-none\">Troy Leslie \u2013 Head Saskatchewan\/Manitoba Scout<\/span><\/li>\n<li><span class=\"a_GcMg font-feature-liga-off font-feature-clig-off font-feature-calt-off text-decoration-none text-strikethrough-none\">Tyler Dickson \u2013 Manitoba Provincial Scout<\/span><\/li>\n<li><span class=\"a_GcMg font-feature-liga-off font-feature-clig-off font-feature-calt-off text-decoration-none text-strikethrough-none\">Andy Kubas \u2013 USA Regional Scout<\/span><\/li>\n<li><span class=\"a_GcMg font-feature-liga-off font-feature-clig-off font-feature-calt-off text-decoration-none text-strikethrough-none\">Joey Gilhooly \u2013 USA Regional Scout<\/span><\/li>\n<li><span class=\"a_GcMg font-feature-liga-off font-feature-clig-off font-feature-calt-off text-decoration-none text-strikethrough-none\">Jonathan Cosman \u2013 USA Regional Scout<\/span><\/li>\n<li><span class=\"a_GcMg font-feature-liga-off font-feature-clig-off font-feature-calt-off text-decoration-none text-strikethrough-none\">Chris Eagles \u2013 USA Regional Scout<\/span><\/li>\n<li><span class=\"a_GcMg font-feature-liga-off font-feature-clig-off font-feature-calt-off text-decoration-none text-strikethrough-none\">Brian Elder \u2013 Goaltending Scout<\/span><\/li>\n<li><span class=\"a_GcMg font-feature-liga-off font-feature-clig-off font-feature-calt-off text-decoration-none text-strikethrough-none\">Ryan Keller \u2013 U18 Scout<\/span><\/li>\n<\/ul>\n<p class=\"cvGsUA block-font-kerning-normal block-font-feature-liga-off block-font-feature-clig-off block-font-feature-calt-off direction-ltr align-start\"><strong><span class=\"a_GcMg font-feature-liga-off font-feature-clig-off font-feature-calt-off text-decoration-none text-strikethrough-none\">Equipment &amp; Medical<\/span><\/strong><\/p>\n<ul>\n<li><span class=\"a_GcMg font-feature-liga-off font-feature-clig-off font-feature-calt-off text-decoration-none text-strikethrough-none\">Matt Zoltek \u2013 Athletic Therapist<\/span><\/li>\n<li><span class=\"a_GcMg font-feature-liga-off font-feature-clig-off font-feature-calt-off text-decoration-none text-strikethrough-none\">Kory Achtymichuk \u2013 Equipment Manager<\/span><\/li>\n<\/ul>\n<p class=\"cvGsUA block-font-kerning-normal block-font-feature-liga-off block-font-feature-clig-off block-font-feature-calt-off direction-ltr align-start\"><strong><span class=\"a_GcMg font-feature-liga-off font-feature-clig-off font-feature-calt-off text-decoration-none text-strikethrough-none\">Analytics &amp; Performance<\/span><\/strong><\/p>\n<ul>\n<li><span class=\"a_GcMg font-feature-liga-off font-feature-clig-off font-feature-calt-off text-decoration-none text-strikethrough-none\">Simon Malone \u2013 Director of Analytics<\/span><\/li>\n<li><span class=\"a_GcMg font-feature-liga-off font-feature-clig-off font-feature-calt-off text-decoration-none text-strikethrough-none\">James Connelly \u2013 Data Scientist<\/span><\/li>\n<li><span class=\"a_GcMg font-feature-liga-off font-feature-clig-off font-feature-calt-off text-decoration-none text-strikethrough-none\">Jordan Brisebois \u2013 Data Analyst of Team Performance<\/span><\/li>\n<li><span class=\"a_GcMg font-feature-liga-off font-feature-clig-off font-feature-calt-off text-decoration-none text-strikethrough-none\">Reggie Hayer &#8211; Data Analyst of Player Acquisitions<\/span><\/li>\n<\/ul>\n<p class=\"cvGsUA block-font-kerning-normal block-font-feature-liga-off block-font-feature-clig-off block-font-feature-calt-off direction-ltr align-start\"><span class=\"a_GcMg font-feature-liga-off font-feature-clig-off font-feature-calt-off text-decoration-none text-strikethrough-none\">The Broncos\u2019 Hockey Operations staff will officially come together this week as the organization opens 2026-27 Training Camp, August 26-30 at the InnovationPlex.<\/span><\/p>\n","protected":false},"excerpt":{"rendered":"<p>Swift Current, SK \u2013 The Swift Current Broncos are pleased to announce the club\u2019s Hockey Operations staff for the 2026-27 Western Hockey League season. Led by General Manager and Head Coach Travis Crickard, the Broncos\u2019 Hockey Operations staff brings together experience in coaching, player development, goaltending, scouting, analytics and performance as the organization prepares for&hellip;<\/p>\n","protected":false},"author":464,"featured_media":40681,"comment_status":"closed","ping_status":"closed","sticky":false,"template":"","format":"article","meta":{"_acf_changed":false,"footnotes":""},"categories":[709],"tags":false,"class_list":["post-40680","post","type-post","status-publish","format-standard","has-post-thumbnail","hentry","category-article","category-709","description-off"],"acf":[],"featured_image":["https:\/\/media.chl.ca\/wp-content\/uploads\/sites\/54\/2026\/08\/25181051\/BRONCOS-HEADER-5-scaled.png",2560,1440,false],"hide_from_app_feed":false,"video":false,"gallery":null,"ht_game_id":0,"target_video":false,"_links":{"self":[{"href":"https:\/\/chl.ca\/whl-broncos\/wp-json\/wp\/v2\/posts\/40680","targetHints":{"allow":["GET"]}}],"collection":[{"href":"https:\/\/chl.ca\/whl-broncos\/wp-json\/wp\/v2\/posts"}],"about":[{"href":"https:\/\/chl.ca\/whl-broncos\/wp-json\/wp\/v2\/types\/post"}],"author":[{"embeddable":true,"href":"https:\/\/chl.ca\/whl-broncos\/wp-json\/wp\/v2\/users\/464"}],"replies":[{"embeddable":true,"href":"https:\/\/chl.ca\/whl-broncos\/wp-json\/wp\/v2\/comments?post=40680"}],"version-history":[{"count":1,"href":"https:\/\/chl.ca\/whl-broncos\/wp-json\/wp\/v2\/posts\/40680\/revisions"}],"predecessor-version":[{"id":40682,"href":"https:\/\/chl.ca\/whl-broncos\/wp-json\/wp\/v2\/posts\/40680\/revisions\/40682"}],"wp:featuredmedia":[{"embeddable":true,"href":"https:\/\/chl.ca\/whl-broncos\/wp-json\/wp\/v2\/media\/40681"}],"wp:attachment":[{"href":"https:\/\/chl.ca\/whl-broncos\/wp-json\/wp\/v2\/media?parent=40680"}],"wp:term":[{"taxonomy":"category","embeddable":true,"href":"https:\/\/chl.ca\/whl-broncos\/wp-json\/wp\/v2\/categories?post=40680"},{"taxonomy":"post_tag","embeddable":true,"href":"https:\/\/chl.ca\/whl-broncos\/wp-json\/wp\/v2\/tags?post=40680"}],"curies":[{"name":"wp","href":"https:\/\/api.w.org\/{rel}","templated":true}]}},{"id":40673,"date":"2026-08-25T15:31:15","date_gmt":"2026-08-25T21:31:15","guid":{"rendered":"https:\/\/chl.ca\/whl-broncos\/?p=40673"},"modified":"2026-08-25T18:27:32","modified_gmt":"2026-08-26T00:27:32","slug":"broncos-announce-support-staff-for-2026-27-season","status":"publish","type":"post","link":"https:\/\/chl.ca\/whl-broncos\/article\/broncos-announce-support-staff-for-2026-27-season","title":{"rendered":"Broncos Announce Support Staff for 2026-27 Season"},"content":{"rendered":"<p class=\"cvGsUA block-font-kerning-normal block-font-feature-liga-off block-font-feature-clig-off block-font-feature-calt-off direction-ltr align-start\"><span class=\"a_GcMg font-feature-liga-off font-feature-clig-off font-feature-calt-off text-decoration-none text-strikethrough-none\"><strong>Swift Current, SK<\/strong> \u2013 <\/span><span class=\"a_GcMg font-feature-liga-off font-feature-clig-off font-feature-calt-off text-decoration-none text-strikethrough-none\">The Swift Current Broncos are proud to announce their support staff for the 2026-27 Western Hockey League season.<\/span><\/p>\n<p class=\"cvGsUA block-font-kerning-normal block-font-feature-liga-off block-font-feature-clig-off block-font-feature-calt-off direction-ltr align-start\"><span class=\"a_GcMg font-feature-liga-off font-feature-clig-off font-feature-calt-off text-decoration-none text-strikethrough-none\">The Broncos\u2019 support staff plays an important role in supporting players on and off the ice throughout the season.<\/span><\/p>\n<p class=\"cvGsUA block-font-kerning-normal block-font-feature-liga-off block-font-feature-clig-off block-font-feature-calt-off direction-ltr align-start\"><strong><span class=\"a_GcMg font-feature-liga-off font-feature-clig-off font-feature-calt-off text-decoration-none text-strikethrough-none\">Support Staff<\/span><\/strong><\/p>\n<ul>\n<li><span class=\"a_GcMg font-feature-liga-off font-feature-clig-off font-feature-calt-off text-decoration-none text-strikethrough-none\">Dr. Ashwin Patel \u2013 Mental Performance Coach<\/span><\/li>\n<li><span class=\"a_GcMg font-feature-liga-off font-feature-clig-off font-feature-calt-off text-decoration-none text-strikethrough-none\">Natasha McLaughlin-Chaisson &#8211; Sports Performance Dietian<\/span><\/li>\n<li><span class=\"a_GcMg font-feature-liga-off font-feature-clig-off font-feature-calt-off text-decoration-none text-strikethrough-none\">Tracey Martin &amp; Chelsea Carrick Hasset\u2013 Education Liaison Coordinators<\/span><\/li>\n<li><span class=\"a_GcMg font-feature-liga-off font-feature-clig-off font-feature-calt-off text-decoration-none text-strikethrough-none\">Tracy Prang &amp; Katrina Saretsky \u2013 Billet Coordinators<\/span><\/li>\n<li><span class=\"a_GcMg font-feature-liga-off font-feature-clig-off font-feature-calt-off text-decoration-none text-strikethrough-none\">Nathan Wiebe \u2013 Team Chaplain<\/span><\/li>\n<li><span class=\"a_GcMg font-feature-liga-off font-feature-clig-off font-feature-calt-off text-decoration-none text-strikethrough-none\">Nolan Paradis, Sawyer Steinley, Karson Bleau, Manning Unger \u2013 Locker Room Attendants<\/span><\/li>\n<li><span class=\"a_GcMg font-feature-liga-off font-feature-clig-off font-feature-calt-off text-decoration-none text-strikethrough-none\">Tony Curti &#8211; RCMP Liaison<\/span><\/li>\n<li><span class=\"a_GcMg font-feature-liga-off font-feature-clig-off font-feature-calt-off text-decoration-none text-strikethrough-none\">Allen Graves &#8211; Team Attendant<\/span><\/li>\n<li><span class=\"a_GcMg font-feature-liga-off font-feature-clig-off font-feature-calt-off text-decoration-none text-strikethrough-none\">Jeremy Pettigrew &#8211; Emergency Support<\/span><\/li>\n<li><span class=\"a_GcMg font-feature-liga-off font-feature-clig-off font-feature-calt-off text-decoration-none text-strikethrough-none\">Hutch Ambulance &#8211; Emergency Transport<\/span><\/li>\n<\/ul>\n<p class=\"cvGsUA block-font-kerning-normal block-font-feature-liga-off block-font-feature-clig-off block-font-feature-calt-off direction-ltr align-start\"><strong><span class=\"a_GcMg font-feature-liga-off font-feature-clig-off font-feature-calt-off text-decoration-none text-strikethrough-none\">Team Physicians<\/span><\/strong><\/p>\n<ul>\n<li><span class=\"a_GcMg font-feature-liga-off font-feature-clig-off font-feature-calt-off text-decoration-none text-strikethrough-none\">Dr. Jason Gatzke<\/span><\/li>\n<li><span class=\"a_GcMg font-feature-liga-off font-feature-clig-off font-feature-calt-off text-decoration-none text-strikethrough-none\">Dr. Hein de Klerk<\/span><\/li>\n<li><span class=\"a_GcMg font-feature-liga-off font-feature-clig-off font-feature-calt-off text-decoration-none text-strikethrough-none\">Dr. Emmett Harrison<\/span><\/li>\n<li><span class=\"a_GcMg font-feature-liga-off font-feature-clig-off font-feature-calt-off text-decoration-none text-strikethrough-none\">Dr. Austin Little<\/span><\/li>\n<\/ul>\n<p class=\"cvGsUA block-font-kerning-normal block-font-feature-liga-off block-font-feature-clig-off block-font-feature-calt-off direction-ltr align-start\"><strong><span class=\"a_GcMg font-feature-liga-off font-feature-clig-off font-feature-calt-off text-decoration-none text-strikethrough-none\">Team Dentists<\/span><\/strong><\/p>\n<ul>\n<li><span class=\"a_GcMg font-feature-liga-off font-feature-clig-off font-feature-calt-off text-decoration-none text-strikethrough-none\">Dr. David Stock<\/span><\/li>\n<li><span class=\"a_GcMg font-feature-liga-off font-feature-clig-off font-feature-calt-off text-decoration-none text-strikethrough-none\">Dr. Michelle Wipf<\/span><\/li>\n<\/ul>\n<p class=\"cvGsUA block-font-kerning-normal block-font-feature-liga-off block-font-feature-clig-off block-font-feature-calt-off direction-ltr align-start\"><strong><span class=\"a_GcMg font-feature-liga-off font-feature-clig-off font-feature-calt-off text-decoration-none text-strikethrough-none\">Healthcare Providers<\/span><\/strong><\/p>\n<ul>\n<li><span class=\"a_GcMg font-feature-liga-off font-feature-clig-off font-feature-calt-off text-decoration-none text-strikethrough-none\">Kevyn Kristmanson \u2013 Chiropractor<\/span><\/li>\n<li><span class=\"a_GcMg font-feature-liga-off font-feature-clig-off font-feature-calt-off text-decoration-none text-strikethrough-none\">Reiley Grosse \u2013 Massage Therapist<\/span><\/li>\n<li><span class=\"a_GcMg font-feature-liga-off font-feature-clig-off font-feature-calt-off text-decoration-none text-strikethrough-none\">Halee Shaw \u2013 Physiotherapist<\/span><\/li>\n<\/ul>\n<p class=\"cvGsUA block-font-kerning-normal block-font-feature-liga-off block-font-feature-clig-off block-font-feature-calt-off direction-ltr align-start\"><span class=\"a_GcMg font-feature-liga-off font-feature-clig-off font-feature-calt-off text-decoration-none text-strikethrough-none\">The Broncos thank each member of the support staff for their commitment to the organization and for the important role they play in supporting Broncos players throughout the 2026-27 season.<\/span><\/p>\n","protected":false},"excerpt":{"rendered":"<p>Swift Current, SK \u2013 The Swift Current Broncos are proud to announce their support staff for the 2026-27 Western Hockey League season. The Broncos\u2019 support staff plays an important role in supporting players on and off the ice throughout the season. Support Staff Dr. Ashwin Patel \u2013 Mental Performance Coach Natasha McLaughlin-Chaisson &#8211; Sports Performance&hellip;<\/p>\n","protected":false},"author":464,"featured_media":40684,"comment_status":"closed","ping_status":"closed","sticky":false,"template":"","format":"article","meta":{"_acf_changed":false,"footnotes":""},"categories":[709],"tags":false,"class_list":["post-40673","post","type-post","status-publish","format-standard","has-post-thumbnail","hentry","category-article","category-709","description-off"],"acf":[],"featured_image":["https:\/\/media.chl.ca\/wp-content\/uploads\/sites\/54\/2026\/08\/25182717\/BRONCOS-HEADER-6-scaled.png",2560,1440,false],"hide_from_app_feed":false,"video":false,"gallery":null,"ht_game_id":0,"target_video":false,"_links":{"self":[{"href":"https:\/\/chl.ca\/whl-broncos\/wp-json\/wp\/v2\/posts\/40673","targetHints":{"allow":["GET"]}}],"collection":[{"href":"https:\/\/chl.ca\/whl-broncos\/wp-json\/wp\/v2\/posts"}],"about":[{"href":"https:\/\/chl.ca\/whl-broncos\/wp-json\/wp\/v2\/types\/post"}],"author":[{"embeddable":true,"href":"https:\/\/chl.ca\/whl-broncos\/wp-json\/wp\/v2\/users\/464"}],"replies":[{"embeddable":true,"href":"https:\/\/chl.ca\/whl-broncos\/wp-json\/wp\/v2\/comments?post=40673"}],"version-history":[{"count":2,"href":"https:\/\/chl.ca\/whl-broncos\/wp-json\/wp\/v2\/posts\/40673\/revisions"}],"predecessor-version":[{"id":40676,"href":"https:\/\/chl.ca\/whl-broncos\/wp-json\/wp\/v2\/posts\/40673\/revisions\/40676"}],"wp:featuredmedia":[{"embeddable":true,"href":"https:\/\/chl.ca\/whl-broncos\/wp-json\/wp\/v2\/media\/40684"}],"wp:attachment":[{"href":"https:\/\/chl.ca\/whl-broncos\/wp-json\/wp\/v2\/media?parent=40673"}],"wp:term":[{"taxonomy":"category","embeddable":true,"href":"https:\/\/chl.ca\/whl-broncos\/wp-json\/wp\/v2\/categories?post=40673"},{"taxonomy":"post_tag","embeddable":true,"href":"https:\/\/chl.ca\/whl-broncos\/wp-json\/wp\/v2\/tags?post=40673"}],"curies":[{"name":"wp","href":"https:\/\/api.w.org\/{rel}","templated":true}]}},{"id":40658,"date":"2026-08-22T17:00:17","date_gmt":"2026-08-22T23:00:17","guid":{"rendered":"https:\/\/chl.ca\/whl-broncos\/?p=40658"},"modified":"2026-08-21T19:32:46","modified_gmt":"2026-08-22T01:32:46","slug":"broncos-welcome-allie-wells-as-game-day-fan-experience-coordinator","status":"publish","type":"post","link":"https:\/\/chl.ca\/whl-broncos\/article\/broncos-welcome-allie-wells-as-game-day-fan-experience-coordinator","title":{"rendered":"Broncos Welcome Allie Wells as Game Day &amp; Fan Experience Coordinator"},"content":{"rendered":"<p class=\"cvGsUA block-font-kerning-normal block-font-feature-liga-off block-font-feature-clig-off block-font-feature-calt-off direction-ltr align-start\"><span class=\"a_GcMg font-feature-liga-off font-feature-clig-off font-feature-calt-off text-decoration-none text-strikethrough-none\"><strong>Swift Current, SK<\/strong> \u2013<\/span><span class=\"a_GcMg font-feature-liga-off font-feature-clig-off font-feature-calt-off text-decoration-none text-strikethrough-none\"> The Swift Current Broncos are pleased to announce the hiring of Allie Wells as the organization\u2019s new Game Day &amp; Fan Experience Coordinator.<\/span><\/p>\n<p class=\"cvGsUA block-font-kerning-normal block-font-feature-liga-off block-font-feature-clig-off block-font-feature-calt-off direction-ltr align-start\"><span class=\"a_GcMg font-feature-liga-off font-feature-clig-off font-feature-calt-off text-decoration-none text-strikethrough-none\">Originally from<\/span><span class=\"a_GcMg font-feature-liga-off font-feature-clig-off font-feature-calt-off text-decoration-none text-strikethrough-none\"> Newmarket, Ontario, Wells joins the Broncos after graduating from the University of Waterloo with a Bachelor of Arts (Honours) in Sports and Recreation Management.<\/span><\/p>\n<p class=\"cvGsUA block-font-kerning-normal block-font-feature-liga-off block-font-feature-clig-off block-font-feature-calt-off direction-ltr align-start\"><span class=\"a_GcMg font-feature-liga-off font-feature-clig-off font-feature-calt-off text-decoration-none text-strikethrough-none\">Wells brings a strong background in game day operations, marketing, event presentation and sports media. During her time at the University of Waterloo, she gained extensive experience as a Game Day Operations Coordinator and Marketing Assistant, helping deliver events and enhance the fan experience.<\/span><\/p>\n<p class=\"cvGsUA block-font-kerning-normal block-font-feature-liga-off block-font-feature-clig-off block-font-feature-calt-off direction-ltr align-start\"><span class=\"a_GcMg font-feature-liga-off font-feature-clig-off font-feature-calt-off text-decoration-none text-strikethrough-none\">She has also worked in the Ontario Hockey League with the Guelph Storm as a Game Day Presentation Assistant and gained national-level experience with U SPORTS as a Media Coordinator.<\/span><\/p>\n<p class=\"cvGsUA block-font-kerning-normal block-font-feature-liga-off block-font-feature-clig-off block-font-feature-calt-off direction-ltr align-start\"><span class=\"a_GcMg font-feature-liga-off font-feature-clig-off font-feature-calt-off text-decoration-none text-strikethrough-none\">\u201cWe\u2019re very excited to welcome Allie to the Broncos organization as our new Game Day &amp; Fan Experience Coordinator,\u201d said Dominic LePan, Executive Vice President of Business Operations. \u201cCreating an outstanding experience for our fans is a major priority for us, and Allie brings great energy, creativity and enthusiasm to the role. We\u2019re looking forward to having her work with our team to continue finding new ways to make Broncos game days bigger, better and more memorable for our fans.\u201d<\/span><\/p>\n<p class=\"cvGsUA block-font-kerning-normal block-font-feature-liga-off block-font-feature-clig-off block-font-feature-calt-off direction-ltr align-start\"><span class=\"a_GcMg font-feature-liga-off font-feature-clig-off font-feature-calt-off text-decoration-none text-strikethrough-none\">\u201cI\u2019m incredibly excited to join the Swift Current Broncos as the Game Day &amp; Fan Experience Coordinator!\u201d said Wells. \u201cI can\u2019t wait to get started, connect with all our fans, and create unforgettable game day experiences. I\u2019m counting down the days until the season!\u201d<\/span><\/p>\n<p class=\"cvGsUA block-font-kerning-normal block-font-feature-liga-off block-font-feature-clig-off block-font-feature-calt-off direction-ltr align-start\"><span class=\"a_GcMg font-feature-liga-off font-feature-clig-off font-feature-calt-off text-decoration-none text-strikethrough-none\">Wells joins the Broncos ahead of the organization\u2019s 40th anniversary season as the club continues preparations for the 2026-27 campaign.<\/span><\/p>\n","protected":false},"excerpt":{"rendered":"<p>Swift Current, SK \u2013 The Swift Current Broncos are pleased to announce the hiring of Allie Wells as the organization\u2019s new Game Day &amp; Fan Experience Coordinator. Originally from Newmarket, Ontario, Wells joins the Broncos after graduating from the University of Waterloo with a Bachelor of Arts (Honours) in Sports and Recreation Management. Wells brings&hellip;<\/p>\n","protected":false},"author":464,"featured_media":40659,"comment_status":"closed","ping_status":"closed","sticky":false,"template":"","format":"article","meta":{"_acf_changed":false,"footnotes":""},"categories":[709],"tags":false,"class_list":["post-40658","post","type-post","status-publish","format-standard","has-post-thumbnail","hentry","category-article","category-709","description-off"],"acf":[],"featured_image":["https:\/\/media.chl.ca\/wp-content\/uploads\/sites\/54\/2026\/08\/21193141\/STAFF-HIRING-11-scaled.png",2560,1440,false],"hide_from_app_feed":false,"video":false,"gallery":null,"ht_game_id":0,"target_video":false,"_links":{"self":[{"href":"https:\/\/chl.ca\/whl-broncos\/wp-json\/wp\/v2\/posts\/40658","targetHints":{"allow":["GET"]}}],"collection":[{"href":"https:\/\/chl.ca\/whl-broncos\/wp-json\/wp\/v2\/posts"}],"about":[{"href":"https:\/\/chl.ca\/whl-broncos\/wp-json\/wp\/v2\/types\/post"}],"author":[{"embeddable":true,"href":"https:\/\/chl.ca\/whl-broncos\/wp-json\/wp\/v2\/users\/464"}],"replies":[{"embeddable":true,"href":"https:\/\/chl.ca\/whl-broncos\/wp-json\/wp\/v2\/comments?post=40658"}],"version-history":[{"count":1,"href":"https:\/\/chl.ca\/whl-broncos\/wp-json\/wp\/v2\/posts\/40658\/revisions"}],"predecessor-version":[{"id":40660,"href":"https:\/\/chl.ca\/whl-broncos\/wp-json\/wp\/v2\/posts\/40658\/revisions\/40660"}],"wp:featuredmedia":[{"embeddable":true,"href":"https:\/\/chl.ca\/whl-broncos\/wp-json\/wp\/v2\/media\/40659"}],"wp:attachment":[{"href":"https:\/\/chl.ca\/whl-broncos\/wp-json\/wp\/v2\/media?parent=40658"}],"wp:term":[{"taxonomy":"category","embeddable":true,"href":"https:\/\/chl.ca\/whl-broncos\/wp-json\/wp\/v2\/categories?post=40658"},{"taxonomy":"post_tag","embeddable":true,"href":"https:\/\/chl.ca\/whl-broncos\/wp-json\/wp\/v2\/tags?post=40658"}],"curies":[{"name":"wp","href":"https:\/\/api.w.org\/{rel}","templated":true}]}},{"id":40654,"date":"2026-08-21T14:43:39","date_gmt":"2026-08-21T20:43:39","guid":{"rendered":"https:\/\/chl.ca\/whl-broncos\/?p=40654"},"modified":"2026-08-21T20:01:38","modified_gmt":"2026-08-22T02:01:38","slug":"40654-2","status":"publish","type":"post","link":"https:\/\/chl.ca\/whl-broncos\/article\/40654-2","title":{"rendered":"Broncos Announce 2026-27 Training Camp Rosters and Schedule"},"content":{"rendered":"<p class=\"cvGsUA block-font-kerning-normal block-font-feature-liga-off block-font-feature-clig-off block-font-feature-calt-off direction-ltr align-start\"><strong><span class=\"a_GcMg font-feature-liga-off font-feature-clig-off font-feature-calt-off text-decoration-none text-strikethrough-none\">Swift Current, SK \u2013<\/span><\/strong><span class=\"a_GcMg font-feature-liga-off font-feature-clig-off font-feature-calt-off text-decoration-none text-strikethrough-none\"> The Swift Current Broncos are set to hit the ice for 2026-27 Training Camp, running August 26-30 at the InnovationPlex.<\/span><\/p>\n<p class=\"cvGsUA block-font-kerning-normal block-font-feature-liga-off block-font-feature-clig-off block-font-feature-calt-off direction-ltr align-start\"><span class=\"a_GcMg font-feature-liga-off font-feature-clig-off font-feature-calt-off text-decoration-none text-strikethrough-none\">This year\u2019s Training Camp will feature 106 players, including returning Broncos, prospects and invited players, as the organization begins preparations for the 2026-27 Western Hockey League season.<\/span><\/p>\n<p class=\"cvGsUA block-font-kerning-normal block-font-feature-liga-off block-font-feature-clig-off block-font-feature-calt-off direction-ltr align-start\"><span class=\"a_GcMg font-feature-liga-off font-feature-clig-off font-feature-calt-off text-decoration-none text-strikethrough-none\">Players will report on Wednesday, August 26, with the first Training Camp games getting underway Thursday, August 27. The 106 players will be divided among six teams: Team DeBrusk, Team Smith, Team Pickering, Team Skinner, Team Lowry and Team Geekie.<\/span><\/p>\n<p class=\"cvGsUA block-font-kerning-normal block-font-feature-liga-off block-font-feature-clig-off block-font-feature-calt-off direction-ltr align-start\"><span class=\"a_GcMg font-feature-liga-off font-feature-clig-off font-feature-calt-off text-decoration-none text-strikethrough-none\">The week will conclude Sunday, August 30 with the annual Blue &amp; White Game, featuring Team Sakic vs. Team Kennedy at 1:00 p.m.<\/span><\/p>\n<p class=\"cvGsUA block-font-kerning-normal block-font-feature-liga-off block-font-feature-clig-off block-font-feature-calt-off direction-ltr align-start\"><span style=\"text-decoration: underline\"><strong><span class=\"a_GcMg font-feature-liga-off font-feature-clig-off font-feature-calt-off text-decoration-underline text-strikethrough-none\">TRAINING CAMP GAME SCHEDULE<\/span><\/strong><\/span><\/p>\n<p class=\"cvGsUA block-font-kerning-normal block-font-feature-liga-off block-font-feature-clig-off block-font-feature-calt-off direction-ltr align-start\"><strong><span class=\"a_GcMg font-feature-liga-off font-feature-clig-off font-feature-calt-off text-decoration-none text-strikethrough-none\">Thursday, August 27<\/span><\/strong><\/p>\n<p class=\"cvGsUA block-font-kerning-normal block-font-feature-liga-off block-font-feature-clig-off block-font-feature-calt-off direction-ltr align-start\"><span class=\"a_GcMg font-feature-liga-off font-feature-clig-off font-feature-calt-off text-decoration-none text-strikethrough-none\">4:15 p.m. \u2013 Team Lowry vs. Team Pickering<\/span><\/p>\n<p class=\"cvGsUA block-font-kerning-normal block-font-feature-liga-off block-font-feature-clig-off block-font-feature-calt-off direction-ltr align-start\"><span class=\"a_GcMg font-feature-liga-off font-feature-clig-off font-feature-calt-off text-decoration-none text-strikethrough-none\">5:45 p.m. \u2013 Team Skinner vs. Team Smith<\/span><\/p>\n<p class=\"cvGsUA block-font-kerning-normal block-font-feature-liga-off block-font-feature-clig-off block-font-feature-calt-off direction-ltr align-start\"><span class=\"a_GcMg font-feature-liga-off font-feature-clig-off font-feature-calt-off text-decoration-none text-strikethrough-none\">7:15 p.m. \u2013 Team DeBrusk vs. Team Geekie<\/span><\/p>\n<p class=\"cvGsUA block-font-kerning-normal block-font-feature-liga-off block-font-feature-clig-off block-font-feature-calt-off direction-ltr align-start\"><strong><span class=\"a_GcMg font-feature-liga-off font-feature-clig-off font-feature-calt-off text-decoration-none text-strikethrough-none\">Friday, August 28<\/span><\/strong><\/p>\n<p class=\"cvGsUA block-font-kerning-normal block-font-feature-liga-off block-font-feature-clig-off block-font-feature-calt-off direction-ltr align-start\"><span class=\"a_GcMg font-feature-liga-off font-feature-clig-off font-feature-calt-off text-decoration-none text-strikethrough-none\">9:00 a.m. \u2013 Team Smith vs. Team Pickering<\/span><\/p>\n<p class=\"cvGsUA block-font-kerning-normal block-font-feature-liga-off block-font-feature-clig-off block-font-feature-calt-off direction-ltr align-start\"><span class=\"a_GcMg font-feature-liga-off font-feature-clig-off font-feature-calt-off text-decoration-none text-strikethrough-none\">10:30 a.m. \u2013 Team Lowry vs. Team Geekie<\/span><\/p>\n<p class=\"cvGsUA block-font-kerning-normal block-font-feature-liga-off block-font-feature-clig-off block-font-feature-calt-off direction-ltr align-start\"><span class=\"a_GcMg font-feature-liga-off font-feature-clig-off font-feature-calt-off text-decoration-none text-strikethrough-none\">12:00 p.m. \u2013 Team Skinner vs. Team DeBrusk<\/span><\/p>\n<p class=\"cvGsUA block-font-kerning-normal block-font-feature-liga-off block-font-feature-clig-off block-font-feature-calt-off direction-ltr align-start\"><span class=\"a_GcMg font-feature-liga-off font-feature-clig-off font-feature-calt-off text-decoration-none text-strikethrough-none\">4:15 p.m. \u2013 Team Geekie vs. Team Pickering<\/span><\/p>\n<p class=\"cvGsUA block-font-kerning-normal block-font-feature-liga-off block-font-feature-clig-off block-font-feature-calt-off direction-ltr align-start\"><span class=\"a_GcMg font-feature-liga-off font-feature-clig-off font-feature-calt-off text-decoration-none text-strikethrough-none\">5:45 p.m. \u2013 Team DeBrusk vs. Team Smith<\/span><\/p>\n<p class=\"cvGsUA block-font-kerning-normal block-font-feature-liga-off block-font-feature-clig-off block-font-feature-calt-off direction-ltr align-start\"><span class=\"a_GcMg font-feature-liga-off font-feature-clig-off font-feature-calt-off text-decoration-none text-strikethrough-none\">7:15 p.m. \u2013 Team Lowry vs. Team Skinner<\/span><\/p>\n<p class=\"cvGsUA block-font-kerning-normal block-font-feature-liga-off block-font-feature-clig-off block-font-feature-calt-off direction-ltr align-start\"><strong><span class=\"a_GcMg font-feature-liga-off font-feature-clig-off font-feature-calt-off text-decoration-none text-strikethrough-none\">Saturday, August 29<\/span><\/strong><\/p>\n<p class=\"cvGsUA block-font-kerning-normal block-font-feature-liga-off block-font-feature-clig-off block-font-feature-calt-off direction-ltr align-start\"><span class=\"a_GcMg font-feature-liga-off font-feature-clig-off font-feature-calt-off text-decoration-none text-strikethrough-none\">9:00 a.m. \u2013 Team DeBrusk vs. Team Pickering<\/span><\/p>\n<p class=\"cvGsUA block-font-kerning-normal block-font-feature-liga-off block-font-feature-clig-off block-font-feature-calt-off direction-ltr align-start\"><span class=\"a_GcMg font-feature-liga-off font-feature-clig-off font-feature-calt-off text-decoration-none text-strikethrough-none\">10:30 a.m. \u2013 Team Skinner vs. Team Geekie<\/span><\/p>\n<p class=\"cvGsUA block-font-kerning-normal block-font-feature-liga-off block-font-feature-clig-off block-font-feature-calt-off direction-ltr align-start\"><span class=\"a_GcMg font-feature-liga-off font-feature-clig-off font-feature-calt-off text-decoration-none text-strikethrough-none\">12:00 p.m. \u2013 Team Lowry vs. Team Smith<\/span><\/p>\n<p class=\"cvGsUA block-font-kerning-normal block-font-feature-liga-off block-font-feature-clig-off block-font-feature-calt-off direction-ltr align-start\"><span class=\"a_GcMg font-feature-liga-off font-feature-clig-off font-feature-calt-off text-decoration-none text-strikethrough-none\">4:15 p.m. \u2013 5th Place vs. 6th Place<\/span><\/p>\n<p class=\"cvGsUA block-font-kerning-normal block-font-feature-liga-off block-font-feature-clig-off block-font-feature-calt-off direction-ltr align-start\"><span class=\"a_GcMg font-feature-liga-off font-feature-clig-off font-feature-calt-off text-decoration-none text-strikethrough-none\">5:45 p.m. \u2013 3rd Place vs. 4th Place<\/span><\/p>\n<p class=\"cvGsUA block-font-kerning-normal block-font-feature-liga-off block-font-feature-clig-off block-font-feature-calt-off direction-ltr align-start\"><span class=\"a_GcMg font-feature-liga-off font-feature-clig-off font-feature-calt-off text-decoration-none text-strikethrough-none\">7:15 p.m. \u2013 1st Place vs. 2nd Place (Dennis Ulmer Cup)<\/span><\/p>\n<p class=\"cvGsUA block-font-kerning-normal block-font-feature-liga-off block-font-feature-clig-off block-font-feature-calt-off direction-ltr align-start\"><strong><span class=\"a_GcMg font-feature-liga-off font-feature-clig-off font-feature-calt-off text-decoration-none text-strikethrough-none\">Sunday, August 30<\/span><\/strong><\/p>\n<p class=\"cvGsUA block-font-kerning-normal block-font-feature-liga-off block-font-feature-clig-off block-font-feature-calt-off direction-ltr align-start\"><span class=\"a_GcMg font-feature-liga-off font-feature-clig-off font-feature-calt-off text-decoration-none text-strikethrough-none\">1:00 p.m. \u2013 Team Sakic vs. Team Kennedy (Blue &amp; White Game)<\/span><\/p>\n<p>&nbsp;<\/p>\n<p class=\"cvGsUA block-font-kerning-normal block-font-feature-liga-off block-font-feature-clig-off block-font-feature-calt-off direction-ltr align-start\"><span style=\"text-decoration: underline\"><strong><span class=\"a_GcMg font-feature-liga-off font-feature-clig-off font-feature-calt-off text-decoration-underline text-strikethrough-none\">2026-27 TRAINING CAMP ROSTERS<\/span><\/strong><\/span><\/p>\n<p class=\"cvGsUA block-font-kerning-normal block-font-feature-liga-off block-font-feature-clig-off block-font-feature-calt-off direction-ltr align-start\"><strong><span class=\"a_GcMg font-feature-liga-off font-feature-clig-off font-feature-calt-off text-decoration-none text-strikethrough-none\">TEAM DEBRUSK<\/span><\/strong><\/p>\n<p class=\"cvGsUA block-font-kerning-normal block-font-feature-liga-off block-font-feature-clig-off block-font-feature-calt-off direction-ltr align-start\"><strong><span class=\"a_GcMg font-feature-liga-off font-feature-clig-off font-feature-calt-off text-decoration-none text-strikethrough-none\">Forwards: <\/span><\/strong><span class=\"a_GcMg font-feature-liga-off font-feature-clig-off font-feature-calt-off text-decoration-none text-strikethrough-none\">Ty Meunier, Ryder Cameron, Sutton Hodgetts, Parker Goerlitz, Jayden Oleskiw, Jesse Scriven, Chad Clark, Cole Mitchell, Cohenn Rotar, Gunner Moore, Braylen Maciej<\/span><\/p>\n<p class=\"cvGsUA block-font-kerning-normal block-font-feature-liga-off block-font-feature-clig-off block-font-feature-calt-off direction-ltr align-start\"><strong><span class=\"a_GcMg font-feature-liga-off font-feature-clig-off font-feature-calt-off text-decoration-none text-strikethrough-none\">Defence: <\/span><\/strong><span class=\"a_GcMg font-feature-liga-off font-feature-clig-off font-feature-calt-off text-decoration-none text-strikethrough-none\">Daxon Yerex, Calum Brownlee, Kyler Sorochak, Yury Vlasenko, Lincoln Black-Greaves, Roman Haddad<\/span><\/p>\n<p class=\"cvGsUA block-font-kerning-normal block-font-feature-liga-off block-font-feature-clig-off block-font-feature-calt-off direction-ltr align-start\"><strong><span class=\"a_GcMg font-feature-liga-off font-feature-clig-off font-feature-calt-off text-decoration-none text-strikethrough-none\">Goalies: <\/span><\/strong><span class=\"a_GcMg font-feature-liga-off font-feature-clig-off font-feature-calt-off text-decoration-none text-strikethrough-none\">Archer Cooke, Delano Pockar<\/span><\/p>\n<p class=\"cvGsUA block-font-kerning-normal block-font-feature-liga-off block-font-feature-clig-off block-font-feature-calt-off direction-ltr align-start\"><strong><span class=\"a_GcMg font-feature-liga-off font-feature-clig-off font-feature-calt-off text-decoration-none text-strikethrough-none\">TEAM SMITH<\/span><\/strong><\/p>\n<p class=\"cvGsUA block-font-kerning-normal block-font-feature-liga-off block-font-feature-clig-off block-font-feature-calt-off direction-ltr align-start\"><span class=\"a_GcMg font-feature-liga-off font-feature-clig-off font-feature-calt-off text-decoration-none text-strikethrough-none\"><strong>Forwards:<\/strong> <\/span><span class=\"a_GcMg font-feature-liga-off font-feature-clig-off font-feature-calt-off text-decoration-none text-strikethrough-none\">Ashton McCann, Kaden Julik, Levi Thiessen, Carter Moen, Luke Huska, Daniel Greenraum, Brooks Milliron, Oliver Torkki, Caleb Philp, Jackson Tetreault, Kale Margolis<\/span><\/p>\n<p class=\"cvGsUA block-font-kerning-normal block-font-feature-liga-off block-font-feature-clig-off block-font-feature-calt-off direction-ltr align-start\"><strong><span class=\"a_GcMg font-feature-liga-off font-feature-clig-off font-feature-calt-off text-decoration-none text-strikethrough-none\">Defence: <\/span><\/strong><span class=\"a_GcMg font-feature-liga-off font-feature-clig-off font-feature-calt-off text-decoration-none text-strikethrough-none\">Hudson Kowalchuk, Cooper Martin, Jaiden Naslund, Lucas Conrad, William Simpson<\/span><\/p>\n<p class=\"cvGsUA block-font-kerning-normal block-font-feature-liga-off block-font-feature-clig-off block-font-feature-calt-off direction-ltr align-start\"><strong><span class=\"a_GcMg font-feature-liga-off font-feature-clig-off font-feature-calt-off text-decoration-none text-strikethrough-none\">Goalies:<\/span><\/strong><span class=\"a_GcMg font-feature-liga-off font-feature-clig-off font-feature-calt-off text-decoration-none text-strikethrough-none\"> Wyatt Riemer, Jack Cohen<\/span><\/p>\n<p class=\"cvGsUA block-font-kerning-normal block-font-feature-liga-off block-font-feature-clig-off block-font-feature-calt-off direction-ltr align-start\"><strong><span class=\"a_GcMg font-feature-liga-off font-feature-clig-off font-feature-calt-off text-decoration-none text-strikethrough-none\">TEAM PICKERING<\/span><\/strong><\/p>\n<p class=\"cvGsUA block-font-kerning-normal block-font-feature-liga-off block-font-feature-clig-off block-font-feature-calt-off direction-ltr align-start\"><strong><span class=\"a_GcMg font-feature-liga-off font-feature-clig-off font-feature-calt-off text-decoration-none text-strikethrough-none\">Forwards: <\/span><\/strong><span class=\"a_GcMg font-feature-liga-off font-feature-clig-off font-feature-calt-off text-decoration-none text-strikethrough-none\">Stepan Farushev, Tegan Kurtz, Dason Frieden, Ty Gleim, Zach Pantelakis, Damen Vanderberg, Hudson Postnikoff, Brock Burch, Kasey Gleim, Cristian Hernandez, Blaise Baier<\/span><\/p>\n<p class=\"cvGsUA block-font-kerning-normal block-font-feature-liga-off block-font-feature-clig-off block-font-feature-calt-off direction-ltr align-start\"><strong><span class=\"a_GcMg font-feature-liga-off font-feature-clig-off font-feature-calt-off text-decoration-none text-strikethrough-none\">Defence: <\/span><\/strong><span class=\"a_GcMg font-feature-liga-off font-feature-clig-off font-feature-calt-off text-decoration-none text-strikethrough-none\">Quinn Pickering, Cade Zoerink, Joe Marien, Kayd Ruedig, Mason Noble, William Zimmerman<\/span><\/p>\n<p class=\"cvGsUA block-font-kerning-normal block-font-feature-liga-off block-font-feature-clig-off block-font-feature-calt-off direction-ltr align-start\"><strong><span class=\"a_GcMg font-feature-liga-off font-feature-clig-off font-feature-calt-off text-decoration-none text-strikethrough-none\">Goalies: <\/span><\/strong><span class=\"a_GcMg font-feature-liga-off font-feature-clig-off font-feature-calt-off text-decoration-none text-strikethrough-none\">Liam Olsen, Sascha Pitaev<\/span><\/p>\n<p class=\"cvGsUA block-font-kerning-normal block-font-feature-liga-off block-font-feature-clig-off block-font-feature-calt-off direction-ltr align-start\"><strong><span class=\"a_GcMg font-feature-liga-off font-feature-clig-off font-feature-calt-off text-decoration-none text-strikethrough-none\">TEAM SKINNER<\/span><\/strong><\/p>\n<p class=\"cvGsUA block-font-kerning-normal block-font-feature-liga-off block-font-feature-clig-off block-font-feature-calt-off direction-ltr align-start\"><strong><span class=\"a_GcMg font-feature-liga-off font-feature-clig-off font-feature-calt-off text-decoration-none text-strikethrough-none\">Forwards: <\/span><\/strong><span class=\"a_GcMg font-feature-liga-off font-feature-clig-off font-feature-calt-off text-decoration-none text-strikethrough-none\">Parker Rondeau, Maddox Ramage, Ryken Arran, Wyatt Watson, Gavin Harrison, Brendan Jones, Liam Plett, Trae Wilke, Wyatt Cameron, Zack Ruptash, Wyatt Pastorius<\/span><\/p>\n<p class=\"cvGsUA block-font-kerning-normal block-font-feature-liga-off block-font-feature-clig-off block-font-feature-calt-off direction-ltr align-start\"><strong><span class=\"a_GcMg font-feature-liga-off font-feature-clig-off font-feature-calt-off text-decoration-none text-strikethrough-none\">Defence: <\/span><\/strong><span class=\"a_GcMg font-feature-liga-off font-feature-clig-off font-feature-calt-off text-decoration-none text-strikethrough-none\">Avi Kasargod, Tyler Muchmore, Mason Fischer, Colton Alain, Charlie Sarich, Nathan Roberts<\/span><\/p>\n<p class=\"cvGsUA block-font-kerning-normal block-font-feature-liga-off block-font-feature-clig-off block-font-feature-calt-off direction-ltr align-start\"><strong><span class=\"a_GcMg font-feature-liga-off font-feature-clig-off font-feature-calt-off text-decoration-none text-strikethrough-none\">Goalies: <\/span><\/strong><span class=\"a_GcMg font-feature-liga-off font-feature-clig-off font-feature-calt-off text-decoration-none text-strikethrough-none\">Aiden Eskit, Cruz Fitzpatrick<\/span><\/p>\n<p class=\"cvGsUA block-font-kerning-normal block-font-feature-liga-off block-font-feature-clig-off block-font-feature-calt-off direction-ltr align-start\"><strong><span class=\"a_GcMg font-feature-liga-off font-feature-clig-off font-feature-calt-off text-decoration-none text-strikethrough-none\">TEAM LOWRY<\/span><\/strong><\/p>\n<p class=\"cvGsUA block-font-kerning-normal block-font-feature-liga-off block-font-feature-clig-off block-font-feature-calt-off direction-ltr align-start\"><strong><span class=\"a_GcMg font-feature-liga-off font-feature-clig-off font-feature-calt-off text-decoration-none text-strikethrough-none\">Forwards: <\/span><\/strong><span class=\"a_GcMg font-feature-liga-off font-feature-clig-off font-feature-calt-off text-decoration-none text-strikethrough-none\">Brendan Rudolph, Tanner Massey, Juma Kinchen, Hudson Kibblewhite, Jaxon Dean, Marcus Matyas, Jamie Kirwan, Keatyn Devlin, Davey Fisher, Gabriel Comee<\/span><\/p>\n<p class=\"cvGsUA block-font-kerning-normal block-font-feature-liga-off block-font-feature-clig-off block-font-feature-calt-off direction-ltr align-start\"><strong><span class=\"a_GcMg font-feature-liga-off font-feature-clig-off font-feature-calt-off text-decoration-none text-strikethrough-none\">Defence: <\/span><\/strong><span class=\"a_GcMg font-feature-liga-off font-feature-clig-off font-feature-calt-off text-decoration-none text-strikethrough-none\">Hyde Davidson, Nolan Pilsner, Asher Carey, Jacson Bradbeer, Liam Magnuson<\/span><\/p>\n<p class=\"cvGsUA block-font-kerning-normal block-font-feature-liga-off block-font-feature-clig-off block-font-feature-calt-off direction-ltr align-start\"><span class=\"a_GcMg font-feature-liga-off font-feature-clig-off font-feature-calt-off text-decoration-none text-strikethrough-none\"><strong>Goalies:<\/strong> <\/span><span class=\"a_GcMg font-feature-liga-off font-feature-clig-off font-feature-calt-off text-decoration-none text-strikethrough-none\">Cal Conway, Adrien Brochu<\/span><\/p>\n<p class=\"cvGsUA block-font-kerning-normal block-font-feature-liga-off block-font-feature-clig-off block-font-feature-calt-off direction-ltr align-start\"><strong><span class=\"a_GcMg font-feature-liga-off font-feature-clig-off font-feature-calt-off text-decoration-none text-strikethrough-none\">TEAM GEEKIE<\/span><\/strong><\/p>\n<p class=\"cvGsUA block-font-kerning-normal block-font-feature-liga-off block-font-feature-clig-off block-font-feature-calt-off direction-ltr align-start\"><strong><span class=\"a_GcMg font-feature-liga-off font-feature-clig-off font-feature-calt-off text-decoration-none text-strikethrough-none\">Forwards: <\/span><\/strong><span class=\"a_GcMg font-feature-liga-off font-feature-clig-off font-feature-calt-off text-decoration-none text-strikethrough-none\">Sawyer Dingman, Weston Kostiuk, Owen Lacoste, Rhys Rucintango, Lincoln Ayers Assad, Easton Pitz, Ben Dnes, Carter Haney, Cruise Armstrong, Chase Allen, Easton Nafziger<\/span><\/p>\n<p class=\"cvGsUA block-font-kerning-normal block-font-feature-liga-off block-font-feature-clig-off block-font-feature-calt-off direction-ltr align-start\"><strong><span class=\"a_GcMg font-feature-liga-off font-feature-clig-off font-feature-calt-off text-decoration-none text-strikethrough-none\">Defence: <\/span><\/strong><span class=\"a_GcMg font-feature-liga-off font-feature-clig-off font-feature-calt-off text-decoration-none text-strikethrough-none\">Christian Pitz, Max Dawson, Andrew Diskerud, Linden Andersen, Luca Decubellis, Jace McFaul<\/span><\/p>\n<p class=\"cvGsUA block-font-kerning-normal block-font-feature-liga-off block-font-feature-clig-off block-font-feature-calt-off direction-ltr align-start\"><strong><span class=\"a_GcMg font-feature-liga-off font-feature-clig-off font-feature-calt-off text-decoration-none text-strikethrough-none\">Goalies: <\/span><\/strong><span class=\"a_GcMg font-feature-liga-off font-feature-clig-off font-feature-calt-off text-decoration-none text-strikethrough-none\">Max Davis, Tait Johnson<\/span><\/p>\n<p class=\"cvGsUA block-font-kerning-normal block-font-feature-liga-off block-font-feature-clig-off block-font-feature-calt-off direction-ltr align-start\"><span class=\"a_GcMg font-feature-liga-off font-feature-clig-off font-feature-calt-off text-decoration-none text-strikethrough-none\">The Broncos encourage fans to come out to the InnovationPlex throughout Training Camp to get an early look at this year&#8217;s returning players and the next generation of Broncos.<\/span><\/p>\n","protected":false},"excerpt":{"rendered":"<p>Swift Current, SK \u2013 The Swift Current Broncos are set to hit the ice for 2026-27 Training Camp, running August 26-30 at the InnovationPlex. This year\u2019s Training Camp will feature 106 players, including returning Broncos, prospects and invited players, as the organization begins preparations for the 2026-27 Western Hockey League season. Players will report on&hellip;<\/p>\n","protected":false},"author":464,"featured_media":40655,"comment_status":"closed","ping_status":"closed","sticky":false,"template":"","format":"article","meta":{"_acf_changed":false,"footnotes":""},"categories":[709],"tags":false,"class_list":["post-40654","post","type-post","status-publish","format-standard","has-post-thumbnail","hentry","category-article","category-709","description-off"],"acf":[],"featured_image":["https:\/\/media.chl.ca\/wp-content\/uploads\/sites\/54\/2026\/08\/21144316\/BRONCOS-HEADER-3-scaled.png",2560,1440,false],"hide_from_app_feed":false,"video":false,"gallery":null,"ht_game_id":0,"target_video":false,"_links":{"self":[{"href":"https:\/\/chl.ca\/whl-broncos\/wp-json\/wp\/v2\/posts\/40654","targetHints":{"allow":["GET"]}}],"collection":[{"href":"https:\/\/chl.ca\/whl-broncos\/wp-json\/wp\/v2\/posts"}],"about":[{"href":"https:\/\/chl.ca\/whl-broncos\/wp-json\/wp\/v2\/types\/post"}],"author":[{"embeddable":true,"href":"https:\/\/chl.ca\/whl-broncos\/wp-json\/wp\/v2\/users\/464"}],"replies":[{"embeddable":true,"href":"https:\/\/chl.ca\/whl-broncos\/wp-json\/wp\/v2\/comments?post=40654"}],"version-history":[{"count":2,"href":"https:\/\/chl.ca\/whl-broncos\/wp-json\/wp\/v2\/posts\/40654\/revisions"}],"predecessor-version":[{"id":40657,"href":"https:\/\/chl.ca\/whl-broncos\/wp-json\/wp\/v2\/posts\/40654\/revisions\/40657"}],"wp:featuredmedia":[{"embeddable":true,"href":"https:\/\/chl.ca\/whl-broncos\/wp-json\/wp\/v2\/media\/40655"}],"wp:attachment":[{"href":"https:\/\/chl.ca\/whl-broncos\/wp-json\/wp\/v2\/media?parent=40654"}],"wp:term":[{"taxonomy":"category","embeddable":true,"href":"https:\/\/chl.ca\/whl-broncos\/wp-json\/wp\/v2\/categories?post=40654"},{"taxonomy":"post_tag","embeddable":true,"href":"https:\/\/chl.ca\/whl-broncos\/wp-json\/wp\/v2\/tags?post=40654"}],"curies":[{"name":"wp","href":"https:\/\/api.w.org\/{rel}","templated":true}]}},{"id":40647,"date":"2026-08-20T12:58:15","date_gmt":"2026-08-20T18:58:15","guid":{"rendered":"https:\/\/chl.ca\/whl-broncos\/?p=40647"},"modified":"2026-08-20T12:58:15","modified_gmt":"2026-08-20T18:58:15","slug":"zach-franko-returns-to-broncos-coaching-staff","status":"publish","type":"post","link":"https:\/\/chl.ca\/whl-broncos\/article\/zach-franko-returns-to-broncos-coaching-staff","title":{"rendered":"Zach Franko Returns to Broncos Coaching Staff"},"content":{"rendered":"<p class=\"cvGsUA block-font-kerning-normal block-font-feature-liga-off block-font-feature-clig-off block-font-feature-calt-off direction-ltr align-start\"><span class=\"a_GcMg font-feature-liga-off font-feature-clig-off font-feature-calt-off text-decoration-none text-strikethrough-none\"><strong>Swift Current, SK<\/strong> \u2013<\/span><span class=\"a_GcMg font-feature-liga-off font-feature-clig-off font-feature-calt-off text-decoration-none text-strikethrough-none\"> The Swift Current Broncos are pleased to announce the hiring of Zach Franko as an Assistant Coach ahead of the 2026-27 Western Hockey League season.<\/span><\/p>\n<p class=\"cvGsUA block-font-kerning-normal block-font-feature-liga-off block-font-feature-clig-off block-font-feature-calt-off direction-ltr align-start\"><span class=\"a_GcMg font-feature-liga-off font-feature-clig-off font-feature-calt-off text-decoration-none text-strikethrough-none\">A product of Winnipeg, Manitoba, Franko returns to Swift Current after previously serving as an Assistant Coach with the Broncos during the 2024-25 season.<\/span><\/p>\n<p class=\"cvGsUA block-font-kerning-normal block-font-feature-liga-off block-font-feature-clig-off block-font-feature-calt-off direction-ltr align-start\"><span class=\"a_GcMg font-feature-liga-off font-feature-clig-off font-feature-calt-off text-decoration-none text-strikethrough-none\">\u201cI\u2019m excited and grateful to be back in Swift Current,\u201d said Franko. \u201cThe organization, fans and community support is truly special, and when I received the call to come back, it was a very easy decision. I can\u2019t wait to be back and get started.\u201d<\/span><\/p>\n<p class=\"cvGsUA block-font-kerning-normal block-font-feature-liga-off block-font-feature-clig-off block-font-feature-calt-off direction-ltr align-start\"><span class=\"a_GcMg font-feature-liga-off font-feature-clig-off font-feature-calt-off text-decoration-none text-strikethrough-none\">Last season, Franko served as Head Coach and General Manager of the Winnipeg Monarchs of the Manitoba Junior Hockey League.<\/span><\/p>\n<p class=\"cvGsUA block-font-kerning-normal block-font-feature-liga-off block-font-feature-clig-off block-font-feature-calt-off direction-ltr align-start\"><span class=\"a_GcMg font-feature-liga-off font-feature-clig-off font-feature-calt-off text-decoration-none text-strikethrough-none\">Prior to beginning his coaching career, Franko enjoyed an extensive playing career. He spent four seasons in the Western Hockey League with the Kelowna Rockets and Kootenay Ice before playing four seasons of Canadian university hockey at Acadia University and the University of Manitoba.<\/span><\/p>\n<p class=\"cvGsUA block-font-kerning-normal block-font-feature-liga-off block-font-feature-clig-off block-font-feature-calt-off direction-ltr align-start\"><span class=\"a_GcMg font-feature-liga-off font-feature-clig-off font-feature-calt-off text-decoration-none text-strikethrough-none\">Following his university career, Franko played three seasons of professional hockey in the ECHL and Europe before transitioning into coaching. He began his coaching career with the St. Boniface Riels of the Manitoba Major Junior Hockey League in 2022.<\/span><\/p>\n<p class=\"cvGsUA block-font-kerning-normal block-font-feature-liga-off block-font-feature-clig-off block-font-feature-calt-off direction-ltr align-start\"><span class=\"a_GcMg font-feature-liga-off font-feature-clig-off font-feature-calt-off text-decoration-none text-strikethrough-none\">\u201cWelcoming Zach and his family back to the Broncos organization is something to be excited about,\u201d said Broncos General Manager and Head Coach Travis Crickard. \u201cMany folks in the organization speak volumes about Zach\u2019s energy, passion and character. Additionally, Zach and I have many mutual acquaintances who have glowing referrals about his work ethic and commitment to the players.<\/span><\/p>\n<p class=\"cvGsUA block-font-kerning-normal block-font-feature-liga-off block-font-feature-clig-off block-font-feature-calt-off direction-ltr align-start\"><span class=\"a_GcMg font-feature-liga-off font-feature-clig-off font-feature-calt-off text-decoration-none text-strikethrough-none\">\u201cWelcome back to Swift, Zach!\u201d<\/span><\/p>\n<p class=\"cvGsUA block-font-kerning-normal block-font-feature-liga-off block-font-feature-clig-off block-font-feature-calt-off direction-ltr align-start\"><span class=\"a_GcMg font-feature-liga-off font-feature-clig-off font-feature-calt-off text-decoration-none text-strikethrough-none\">Franko will join the Broncos immediately as the club prepares for the beginning of Training Camp and the 2026-27 WHL season.<\/span><\/p>\n","protected":false},"excerpt":{"rendered":"<p>Swift Current, SK \u2013 The Swift Current Broncos are pleased to announce the hiring of Zach Franko as an Assistant Coach ahead of the 2026-27 Western Hockey League season. A product of Winnipeg, Manitoba, Franko returns to Swift Current after previously serving as an Assistant Coach with the Broncos during the 2024-25 season. \u201cI\u2019m excited&hellip;<\/p>\n","protected":false},"author":464,"featured_media":40648,"comment_status":"closed","ping_status":"closed","sticky":false,"template":"","format":"article","meta":{"_acf_changed":false,"footnotes":""},"categories":[709],"tags":false,"class_list":["post-40647","post","type-post","status-publish","format-standard","has-post-thumbnail","hentry","category-article","category-709","description-off"],"acf":[],"featured_image":["https:\/\/media.chl.ca\/wp-content\/uploads\/sites\/54\/2026\/08\/20125734\/STAFF-HIRING-10-scaled.png",2560,1440,false],"hide_from_app_feed":false,"video":false,"gallery":null,"ht_game_id":0,"target_video":false,"_links":{"self":[{"href":"https:\/\/chl.ca\/whl-broncos\/wp-json\/wp\/v2\/posts\/40647","targetHints":{"allow":["GET"]}}],"collection":[{"href":"https:\/\/chl.ca\/whl-broncos\/wp-json\/wp\/v2\/posts"}],"about":[{"href":"https:\/\/chl.ca\/whl-broncos\/wp-json\/wp\/v2\/types\/post"}],"author":[{"embeddable":true,"href":"https:\/\/chl.ca\/whl-broncos\/wp-json\/wp\/v2\/users\/464"}],"replies":[{"embeddable":true,"href":"https:\/\/chl.ca\/whl-broncos\/wp-json\/wp\/v2\/comments?post=40647"}],"version-history":[{"count":1,"href":"https:\/\/chl.ca\/whl-broncos\/wp-json\/wp\/v2\/posts\/40647\/revisions"}],"predecessor-version":[{"id":40649,"href":"https:\/\/chl.ca\/whl-broncos\/wp-json\/wp\/v2\/posts\/40647\/revisions\/40649"}],"wp:featuredmedia":[{"embeddable":true,"href":"https:\/\/chl.ca\/whl-broncos\/wp-json\/wp\/v2\/media\/40648"}],"wp:attachment":[{"href":"https:\/\/chl.ca\/whl-broncos\/wp-json\/wp\/v2\/media?parent=40647"}],"wp:term":[{"taxonomy":"category","embeddable":true,"href":"https:\/\/chl.ca\/whl-broncos\/wp-json\/wp\/v2\/categories?post=40647"},{"taxonomy":"post_tag","embeddable":true,"href":"https:\/\/chl.ca\/whl-broncos\/wp-json\/wp\/v2\/tags?post=40647"}],"curies":[{"name":"wp","href":"https:\/\/api.w.org\/{rel}","templated":true}]}},{"id":40643,"date":"2026-08-18T15:13:07","date_gmt":"2026-08-18T21:13:07","guid":{"rendered":"https:\/\/chl.ca\/whl-broncos\/?p=40643"},"modified":"2026-08-18T15:18:09","modified_gmt":"2026-08-18T21:18:09","slug":"broncos-celebrate-the-broncettes-during-40th-anniversary-season","status":"publish","type":"post","link":"https:\/\/chl.ca\/whl-broncos\/article\/broncos-celebrate-the-broncettes-during-40th-anniversary-season","title":{"rendered":"Broncos Celebrate the Broncettes During 40th Anniversary Season"},"content":{"rendered":"<p class=\"cvGsUA block-font-kerning-normal block-font-feature-liga-off block-font-feature-clig-off block-font-feature-calt-off direction-ltr align-start para-style-body\"><span class=\"a_GcMg font-feature-liga-off font-feature-clig-off font-feature-calt-off text-decoration-none text-strikethrough-none\"><strong>Swift Current, SK<\/strong> \u2013<\/span><span class=\"a_GcMg font-feature-liga-off font-feature-clig-off font-feature-calt-off text-decoration-none text-strikethrough-none\"> As the Swift Current Broncos prepare to celebrate their 40th anniversary season, the organization is proud to welcome back and recognize three familiar faces who have become an important part of Broncos hockey: Tracy Prang, Sherry Adair and Katrina Saretsky, affectionately known around the organization as the \u201cBroncettes.\u201d<\/span><\/p>\n<p class=\"cvGsUA block-font-kerning-normal block-font-feature-liga-off block-font-feature-clig-off block-font-feature-calt-off direction-ltr align-start para-style-body\"><span class=\"a_GcMg font-feature-liga-off font-feature-clig-off font-feature-calt-off text-decoration-none text-strikethrough-none\">Together, the trio has dedicated over 30 combined seasons to the Broncos, playing an integral role in the organization both behind the scenes and as some of the first friendly faces fans see when they walk through the doors of The Stable.<\/span><\/p>\n<p class=\"cvGsUA block-font-kerning-normal block-font-feature-liga-off block-font-feature-clig-off block-font-feature-calt-off direction-ltr align-start para-style-body\"><span class=\"a_GcMg font-feature-liga-off font-feature-clig-off font-feature-calt-off text-decoration-none text-strikethrough-none\">Prang enters her 13th season with the Broncos and serves as the organization\u2019s Game Day Operations Manager and Billet Coordinator. From coordinating the many moving pieces that go into a Broncos game day to supporting players and billet families throughout the season, Prang continues to be a vital part of the organization.<\/span><\/p>\n<p class=\"cvGsUA block-font-kerning-normal block-font-feature-liga-off block-font-feature-clig-off block-font-feature-calt-off direction-ltr align-start para-style-body\"><span class=\"a_GcMg font-feature-liga-off font-feature-clig-off font-feature-calt-off text-decoration-none text-strikethrough-none\">Adair returns for her 11th season with the Broncos as the team\u2019s Retail Services Manager. A familiar face to Broncos fans, Adair plays an important role in the day-to-day merchandise operations of The Stable and helping create a welcoming experience for everyone who visits.<\/span><\/p>\n<p class=\"cvGsUA block-font-kerning-normal block-font-feature-liga-off block-font-feature-clig-off block-font-feature-calt-off direction-ltr align-start para-style-body\"><span class=\"a_GcMg font-feature-liga-off font-feature-clig-off font-feature-calt-off text-decoration-none text-strikethrough-none\">Saretsky enters her ninth season with the organization and serves as the Broncos\u2019 Retail Services Coordinator and Billet Coordinator. Along with her work in The Stable, Saretsky helps support the Broncos\u2019 billet program and the families who provide a home away from home for players throughout the season.<\/span><\/p>\n<p class=\"cvGsUA block-font-kerning-normal block-font-feature-liga-off block-font-feature-clig-off block-font-feature-calt-off direction-ltr align-start para-style-body\"><span class=\"a_GcMg font-feature-liga-off font-feature-clig-off font-feature-calt-off text-decoration-none text-strikethrough-none\">\u201cSherry, Katrina and Tracy have been dedicated to the Swift Current Broncos for many years, contributing countless hours and a tremendous amount of hard work to the organization,\u201d said Broncos Executive Vice President of Business Operations Dominic LePan.<\/span><\/p>\n<p class=\"cvGsUA block-font-kerning-normal block-font-feature-liga-off block-font-feature-clig-off block-font-feature-calt-off direction-ltr align-start para-style-body\"><span class=\"a_GcMg font-feature-liga-off font-feature-clig-off font-feature-calt-off text-decoration-none text-strikethrough-none\">\u201cWith our 40th season just around the corner, we are pleased to have them back with the Broncos and look forward to their continued involvement for many more years to come!\u201d<\/span><\/p>\n<p class=\"cvGsUA block-font-kerning-normal block-font-feature-liga-off block-font-feature-clig-off block-font-feature-calt-off direction-ltr align-start para-style-body\"><span class=\"a_GcMg font-feature-liga-off font-feature-clig-off font-feature-calt-off text-decoration-none text-strikethrough-none\">Over the years, the Broncettes have become much more than their job titles. Whether it is preparing food behind the scenes, helping on game days, assisting players and families or greeting fans at The Stable, their hard work and dedication can be felt throughout the organization.<\/span><\/p>\n<p class=\"cvGsUA block-font-kerning-normal block-font-feature-liga-off block-font-feature-clig-off block-font-feature-calt-off direction-ltr align-start para-style-body\"><span class=\"a_GcMg font-feature-liga-off font-feature-clig-off font-feature-calt-off text-decoration-none text-strikethrough-none\">As the organization celebrates 40 years of Broncos hockey in Swift Current, the Broncos are proud to recognize Tracy, Sherry and Katrina for their continued commitment to the team and community.<\/span><\/p>\n","protected":false},"excerpt":{"rendered":"<p>Swift Current, SK \u2013 As the Swift Current Broncos prepare to celebrate their 40th anniversary season, the organization is proud to welcome back and recognize three familiar faces who have become an important part of Broncos hockey: Tracy Prang, Sherry Adair and Katrina Saretsky, affectionately known around the organization as the \u201cBroncettes.\u201d Together, the trio&hellip;<\/p>\n","protected":false},"author":464,"featured_media":40644,"comment_status":"closed","ping_status":"closed","sticky":false,"template":"","format":"article","meta":{"_acf_changed":false,"footnotes":""},"categories":[709],"tags":false,"class_list":["post-40643","post","type-post","status-publish","format-standard","has-post-thumbnail","hentry","category-article","category-709","description-off"],"acf":[],"featured_image":["https:\/\/media.chl.ca\/wp-content\/uploads\/sites\/54\/2026\/08\/18151221\/STAFF-HIRING-9-scaled.png",2560,1440,false],"hide_from_app_feed":false,"video":false,"gallery":null,"ht_game_id":0,"target_video":false,"_links":{"self":[{"href":"https:\/\/chl.ca\/whl-broncos\/wp-json\/wp\/v2\/posts\/40643","targetHints":{"allow":["GET"]}}],"collection":[{"href":"https:\/\/chl.ca\/whl-broncos\/wp-json\/wp\/v2\/posts"}],"about":[{"href":"https:\/\/chl.ca\/whl-broncos\/wp-json\/wp\/v2\/types\/post"}],"author":[{"embeddable":true,"href":"https:\/\/chl.ca\/whl-broncos\/wp-json\/wp\/v2\/users\/464"}],"replies":[{"embeddable":true,"href":"https:\/\/chl.ca\/whl-broncos\/wp-json\/wp\/v2\/comments?post=40643"}],"version-history":[{"count":2,"href":"https:\/\/chl.ca\/whl-broncos\/wp-json\/wp\/v2\/posts\/40643\/revisions"}],"predecessor-version":[{"id":40646,"href":"https:\/\/chl.ca\/whl-broncos\/wp-json\/wp\/v2\/posts\/40643\/revisions\/40646"}],"wp:featuredmedia":[{"embeddable":true,"href":"https:\/\/chl.ca\/whl-broncos\/wp-json\/wp\/v2\/media\/40644"}],"wp:attachment":[{"href":"https:\/\/chl.ca\/whl-broncos\/wp-json\/wp\/v2\/media?parent=40643"}],"wp:term":[{"taxonomy":"category","embeddable":true,"href":"https:\/\/chl.ca\/whl-broncos\/wp-json\/wp\/v2\/categories?post=40643"},{"taxonomy":"post_tag","embeddable":true,"href":"https:\/\/chl.ca\/whl-broncos\/wp-json\/wp\/v2\/tags?post=40643"}],"curies":[{"name":"wp","href":"https:\/\/api.w.org\/{rel}","templated":true}]}},{"id":40636,"date":"2026-08-14T17:07:04","date_gmt":"2026-08-14T23:07:04","guid":{"rendered":"https:\/\/chl.ca\/whl-broncos\/?p=40636"},"modified":"2026-08-14T17:07:04","modified_gmt":"2026-08-14T23:07:04","slug":"broncos-announce-tracy-prang-and-katrina-saretsky-as-billet-coordinators","status":"publish","type":"post","link":"https:\/\/chl.ca\/whl-broncos\/article\/broncos-announce-tracy-prang-and-katrina-saretsky-as-billet-coordinators","title":{"rendered":"Broncos Announce Tracy Prang and Katrina Saretsky as Billet Coordinators"},"content":{"rendered":"<p class=\"cvGsUA block-font-kerning-normal block-font-feature-liga-off block-font-feature-clig-off block-font-feature-calt-off direction-ltr align-start para-style-body\"><span class=\"a_GcMg font-feature-liga-off font-feature-clig-off font-feature-calt-off text-decoration-none text-strikethrough-none\"><strong>Swift Current, SK \u2013<\/strong> <\/span><span class=\"a_GcMg font-feature-liga-off font-feature-clig-off font-feature-calt-off text-decoration-none text-strikethrough-none\">The Swift Current Broncos are pleased to announce that Tracy Prang and Katrina Saretsky will take on additional roles as the organization\u2019s Billet Coordinators ahead of the 2026-27 season.<\/span><\/p>\n<p class=\"cvGsUA block-font-kerning-normal block-font-feature-liga-off block-font-feature-clig-off block-font-feature-calt-off direction-ltr align-start para-style-body\"><span class=\"a_GcMg font-feature-liga-off font-feature-clig-off font-feature-calt-off text-decoration-none text-strikethrough-none\">Both Prang and Saretsky will continue in their current positions with the organization while adding billet coordination to their responsibilities. Saretsky will remain the Broncos\u2019 Retail Services Coordinator, while Prang will continue as Game Day Operations Manager.<\/span><\/p>\n<p class=\"cvGsUA block-font-kerning-normal block-font-feature-liga-off block-font-feature-clig-off block-font-feature-calt-off direction-ltr align-start para-style-body\"><span class=\"a_GcMg font-feature-liga-off font-feature-clig-off font-feature-calt-off text-decoration-none text-strikethrough-none\">In their new roles, Prang and Saretsky will work closely with the Broncos\u2019 billet families and players throughout the season, helping ensure players have a welcoming, supportive home environment during their time in Swift Current.<\/span><\/p>\n<p class=\"cvGsUA block-font-kerning-normal block-font-feature-liga-off block-font-feature-clig-off block-font-feature-calt-off direction-ltr align-start para-style-body\"><span class=\"a_GcMg font-feature-liga-off font-feature-clig-off font-feature-calt-off text-decoration-none text-strikethrough-none\">\u201cWe\u2019re incredibly excited to take on these new roles as Billet Coordinators and continue giving back to an organization that means so much to both of us,\u201d said Saretsky. \u201cBillet families are such an important part of the Broncos organization. They provide our players with a home away from home and the support, stability and sense of family they need throughout the season. Tracy and I care deeply about this organization, and we\u2019re always looking for ways we can make a positive impact. We\u2019re looking forward to supporting our billet families and players and helping make their experience with the Broncos as special as possible.\u201d<\/span><\/p>\n<p class=\"cvGsUA block-font-kerning-normal block-font-feature-liga-off block-font-feature-clig-off block-font-feature-calt-off direction-ltr align-start para-style-body\"><span class=\"a_GcMg font-feature-liga-off font-feature-clig-off font-feature-calt-off text-decoration-none text-strikethrough-none\">The Broncos are excited to have Tracy and Katrina take on these additional responsibilities and continue their contributions to the organization both behind the scenes and throughout the community.<\/span><\/p>\n","protected":false},"excerpt":{"rendered":"<p>Swift Current, SK \u2013 The Swift Current Broncos are pleased to announce that Tracy Prang and Katrina Saretsky will take on additional roles as the organization\u2019s Billet Coordinators ahead of the 2026-27 season. Both Prang and Saretsky will continue in their current positions with the organization while adding billet coordination to their responsibilities. Saretsky will&hellip;<\/p>\n","protected":false},"author":464,"featured_media":40637,"comment_status":"closed","ping_status":"closed","sticky":false,"template":"","format":"article","meta":{"_acf_changed":false,"footnotes":""},"categories":[709],"tags":false,"class_list":["post-40636","post","type-post","status-publish","format-standard","has-post-thumbnail","hentry","category-article","category-709","description-off"],"acf":[],"featured_image":["https:\/\/media.chl.ca\/wp-content\/uploads\/sites\/54\/2026\/08\/14170158\/BRONCOS-HEADER-1-scaled.png",2560,1440,false],"hide_from_app_feed":false,"video":false,"gallery":null,"ht_game_id":0,"target_video":false,"_links":{"self":[{"href":"https:\/\/chl.ca\/whl-broncos\/wp-json\/wp\/v2\/posts\/40636","targetHints":{"allow":["GET"]}}],"collection":[{"href":"https:\/\/chl.ca\/whl-broncos\/wp-json\/wp\/v2\/posts"}],"about":[{"href":"https:\/\/chl.ca\/whl-broncos\/wp-json\/wp\/v2\/types\/post"}],"author":[{"embeddable":true,"href":"https:\/\/chl.ca\/whl-broncos\/wp-json\/wp\/v2\/users\/464"}],"replies":[{"embeddable":true,"href":"https:\/\/chl.ca\/whl-broncos\/wp-json\/wp\/v2\/comments?post=40636"}],"version-history":[{"count":1,"href":"https:\/\/chl.ca\/whl-broncos\/wp-json\/wp\/v2\/posts\/40636\/revisions"}],"predecessor-version":[{"id":40638,"href":"https:\/\/chl.ca\/whl-broncos\/wp-json\/wp\/v2\/posts\/40636\/revisions\/40638"}],"wp:featuredmedia":[{"embeddable":true,"href":"https:\/\/chl.ca\/whl-broncos\/wp-json\/wp\/v2\/media\/40637"}],"wp:attachment":[{"href":"https:\/\/chl.ca\/whl-broncos\/wp-json\/wp\/v2\/media?parent=40636"}],"wp:term":[{"taxonomy":"category","embeddable":true,"href":"https:\/\/chl.ca\/whl-broncos\/wp-json\/wp\/v2\/categories?post=40636"},{"taxonomy":"post_tag","embeddable":true,"href":"https:\/\/chl.ca\/whl-broncos\/wp-json\/wp\/v2\/tags?post=40636"}],"curies":[{"name":"wp","href":"https:\/\/api.w.org\/{rel}","templated":true}]}},{"id":40626,"date":"2026-08-11T14:04:43","date_gmt":"2026-08-11T20:04:43","guid":{"rendered":"https:\/\/chl.ca\/whl-broncos\/?p=40626"},"modified":"2026-08-14T16:10:01","modified_gmt":"2026-08-14T22:10:01","slug":"broncos-announce-scouting-staff-for-2026-27-season","status":"publish","type":"post","link":"https:\/\/chl.ca\/whl-broncos\/article\/broncos-announce-scouting-staff-for-2026-27-season","title":{"rendered":"Broncos Announce Scouting Staff for 2026-27 Season"},"content":{"rendered":"<p class=\"cvGsUA block-font-kerning-normal block-font-feature-liga-off block-font-feature-clig-off block-font-feature-calt-off direction-ltr align-start para-style-body\"><span class=\"a_GcMg font-feature-liga-off font-feature-clig-off font-feature-calt-off text-decoration-none text-strikethrough-none\"><strong>Swift Current, SK \u2013 <\/strong><\/span><span class=\"a_GcMg font-feature-liga-off font-feature-clig-off font-feature-calt-off text-decoration-none text-strikethrough-none\">The Swift Current Broncos are pleased to announce their scouting staff for the 2026-27 Western Hockey League season, featuring a combination of returning personnel in expanded roles and several new additions across Canada, the United States and Europe.<\/span><\/p>\n<p class=\"cvGsUA block-font-kerning-normal block-font-feature-liga-off block-font-feature-clig-off block-font-feature-calt-off direction-ltr align-start para-style-body\"><span class=\"a_GcMg font-feature-liga-off font-feature-clig-off font-feature-calt-off text-decoration-none text-strikethrough-none\">Chad Leslie (Winnipeg, Man.) will serve as the Broncos\u2019 Director of Scouting, overseeing a newly structured department to strengthen the organization\u2019s scouting presence across Canada, the United States and Europe.<\/span><\/p>\n<p class=\"cvGsUA block-font-kerning-normal block-font-feature-liga-off block-font-feature-clig-off block-font-feature-calt-off direction-ltr align-start para-style-body\"><span class=\"a_GcMg font-feature-liga-off font-feature-clig-off font-feature-calt-off text-decoration-none text-strikethrough-none\">\u201cWe\u2019re excited to announce our scouting staff for the upcoming season,\u201d said Broncos General Manager and Head Coach Travis Crickard. \u201cOur scouting staff did outstanding work identifying and evaluating talent. Their eye for the game and dedication to the process helped build the foundation of this roster, and several of their evaluations have already paid off at the NHL and WHL levels.\u201d<\/span><\/p>\n<p class=\"cvGsUA block-font-kerning-normal block-font-feature-liga-off block-font-feature-clig-off block-font-feature-calt-off direction-ltr align-start para-style-body\"><span style=\"text-decoration: underline\"><strong><span class=\"a_GcMg font-feature-liga-off font-feature-clig-off font-feature-calt-off text-decoration-underline text-strikethrough-none\">BRITISH COLUMBIA<\/span><\/strong><\/span><\/p>\n<p class=\"cvGsUA block-font-kerning-normal block-font-feature-liga-off block-font-feature-clig-off block-font-feature-calt-off direction-ltr align-start para-style-body\"><strong><span class=\"a_GcMg font-feature-liga-off font-feature-clig-off font-feature-calt-off text-decoration-none text-strikethrough-none\">Kerry Gladson<\/span><\/strong><span class=\"a_GcMg font-feature-liga-off font-feature-clig-off font-feature-calt-off text-decoration-none text-strikethrough-none\"> \u2013 Head British Columbia Scout<\/span><\/p>\n<p class=\"cvGsUA block-font-kerning-normal block-font-feature-liga-off block-font-feature-clig-off block-font-feature-calt-off direction-ltr align-start para-style-body\"><em><span class=\"a_GcMg font-feature-liga-off font-feature-clig-off font-feature-calt-off text-decoration-none text-strikethrough-none\">Surrey, BC.<\/span><\/em><\/p>\n<p class=\"cvGsUA block-font-kerning-normal block-font-feature-liga-off block-font-feature-clig-off block-font-feature-calt-off direction-ltr align-start para-style-body\"><span class=\"a_GcMg font-feature-liga-off font-feature-clig-off font-feature-calt-off text-decoration-none text-strikethrough-none\">Gladson returns to the Broncos scouting staff and has been promoted to Head British Columbia Scout. He joined the organization in 2018 and will oversee the club\u2019s scouting efforts throughout the province.<\/span><\/p>\n<p>&nbsp;<\/p>\n<p class=\"cvGsUA block-font-kerning-normal block-font-feature-liga-off block-font-feature-clig-off block-font-feature-calt-off direction-ltr align-start para-style-body\"><span style=\"text-decoration: underline\"><strong><span class=\"a_GcMg font-feature-liga-off font-feature-clig-off font-feature-calt-off text-decoration-underline text-strikethrough-none\">ALBERTA<\/span><\/strong><\/span><\/p>\n<p class=\"cvGsUA block-font-kerning-normal block-font-feature-liga-off block-font-feature-clig-off block-font-feature-calt-off direction-ltr align-start para-style-body\"><strong><span class=\"a_GcMg font-feature-liga-off font-feature-clig-off font-feature-calt-off text-decoration-none text-strikethrough-none\">Quinn Hancock<\/span><\/strong><span class=\"a_GcMg font-feature-liga-off font-feature-clig-off font-feature-calt-off text-decoration-none text-strikethrough-none\"> \u2013 Head Alberta Scout<\/span><\/p>\n<p class=\"cvGsUA block-font-kerning-normal block-font-feature-liga-off block-font-feature-clig-off block-font-feature-calt-off direction-ltr align-start para-style-body\"><em><span class=\"a_GcMg font-feature-liga-off font-feature-clig-off font-feature-calt-off text-decoration-none text-strikethrough-none\">Calgary, AB.<\/span><\/em><\/p>\n<p class=\"cvGsUA block-font-kerning-normal block-font-feature-liga-off block-font-feature-clig-off block-font-feature-calt-off direction-ltr align-start para-style-body\"><span class=\"a_GcMg font-feature-liga-off font-feature-clig-off font-feature-calt-off text-decoration-none text-strikethrough-none\">Hancock returns for his fifth season with the Broncos after joining the organization in 2022. He has been promoted to Head Alberta Scout and will oversee the club\u2019s scouting efforts across Alberta.<\/span><\/p>\n<p>&nbsp;<\/p>\n<p class=\"cvGsUA block-font-kerning-normal block-font-feature-liga-off block-font-feature-clig-off block-font-feature-calt-off direction-ltr align-start para-style-body\"><strong><span class=\"a_GcMg font-feature-liga-off font-feature-clig-off font-feature-calt-off text-decoration-none text-strikethrough-none\">Roy Stasiuk<\/span><\/strong><span class=\"a_GcMg font-feature-liga-off font-feature-clig-off font-feature-calt-off text-decoration-none text-strikethrough-none\"> \u2013 Alberta Regional Scout<\/span><\/p>\n<p class=\"cvGsUA block-font-kerning-normal block-font-feature-liga-off block-font-feature-clig-off block-font-feature-calt-off direction-ltr align-start para-style-body\"><em><span class=\"a_GcMg font-feature-liga-off font-feature-clig-off font-feature-calt-off text-decoration-none text-strikethrough-none\">Edmonton, Alta.<\/span><\/em><\/p>\n<p class=\"cvGsUA block-font-kerning-normal block-font-feature-liga-off block-font-feature-clig-off block-font-feature-calt-off direction-ltr align-start para-style-body\"><span class=\"a_GcMg font-feature-liga-off font-feature-clig-off font-feature-calt-off text-decoration-none text-strikethrough-none\">Stasiuk joins the Broncos as a new addition to the scouting staff, bringing extensive experience in hockey scouting, management and coaching. His lengthy hockey r\u00e9sum\u00e9 includes scouting and management experience at multiple levels of the game, adding another experienced evaluator to the Broncos\u2019 Alberta scouting group.<\/span><\/p>\n<p class=\"cvGsUA block-font-kerning-normal block-font-feature-liga-off block-font-feature-clig-off block-font-feature-calt-off direction-ltr align-start para-style-body\"><span style=\"text-decoration: underline\"><strong><span class=\"a_GcMg font-feature-liga-off font-feature-clig-off font-feature-calt-off text-decoration-underline text-strikethrough-none\">SASKATCHEWAN &amp; MANITOBA<\/span><\/strong><\/span><\/p>\n<p class=\"cvGsUA block-font-kerning-normal block-font-feature-liga-off block-font-feature-clig-off block-font-feature-calt-off direction-ltr align-start para-style-body\"><strong><span class=\"a_GcMg font-feature-liga-off font-feature-clig-off font-feature-calt-off text-decoration-none text-strikethrough-none\">Troy Leslie<\/span><\/strong><span class=\"a_GcMg font-feature-liga-off font-feature-clig-off font-feature-calt-off text-decoration-none text-strikethrough-none\"> \u2013 Head Saskatchewan\/Manitoba Scout<\/span><\/p>\n<p class=\"cvGsUA block-font-kerning-normal block-font-feature-liga-off block-font-feature-clig-off block-font-feature-calt-off direction-ltr align-start para-style-body\"><em><span class=\"a_GcMg font-feature-liga-off font-feature-clig-off font-feature-calt-off text-decoration-none text-strikethrough-none\">Virden, MB.<\/span><\/em><\/p>\n<p class=\"cvGsUA block-font-kerning-normal block-font-feature-liga-off block-font-feature-clig-off block-font-feature-calt-off direction-ltr align-start para-style-body\"><span class=\"a_GcMg font-feature-liga-off font-feature-clig-off font-feature-calt-off text-decoration-none text-strikethrough-none\">Leslie has been promoted to Head Saskatchewan\/Manitoba Scout after previously serving as a travelling scout. He joined the Broncos in 2022 and will now oversee scouting operations throughout both provinces.<\/span><\/p>\n<p>&nbsp;<\/p>\n<p class=\"cvGsUA block-font-kerning-normal block-font-feature-liga-off block-font-feature-clig-off block-font-feature-calt-off direction-ltr align-start para-style-body\"><strong><span class=\"a_GcMg font-feature-liga-off font-feature-clig-off font-feature-calt-off text-decoration-none text-strikethrough-none\">Tyler Dickson<\/span><\/strong><span class=\"a_GcMg font-feature-liga-off font-feature-clig-off font-feature-calt-off text-decoration-none text-strikethrough-none\"> \u2013 Manitoba Provincial Scout<\/span><\/p>\n<p class=\"cvGsUA block-font-kerning-normal block-font-feature-liga-off block-font-feature-clig-off block-font-feature-calt-off direction-ltr align-start para-style-body\"><em><span class=\"a_GcMg font-feature-liga-off font-feature-clig-off font-feature-calt-off text-decoration-none text-strikethrough-none\">Winnipeg, MB.<\/span><\/em><\/p>\n<p class=\"cvGsUA block-font-kerning-normal block-font-feature-liga-off block-font-feature-clig-off block-font-feature-calt-off direction-ltr align-start para-style-body\"><span class=\"a_GcMg font-feature-liga-off font-feature-clig-off font-feature-calt-off text-decoration-none text-strikethrough-none\">Dickson returns to the Broncos scouting department after joining the organization in 2020. After previously serving as Scouting Coordinator, he will transition into the role of Manitoba Provincial Scout.<\/span><\/p>\n<p>&nbsp;<\/p>\n<p class=\"cvGsUA block-font-kerning-normal block-font-feature-liga-off block-font-feature-clig-off block-font-feature-calt-off direction-ltr align-start para-style-body\"><span style=\"text-decoration: underline\"><strong><span class=\"a_GcMg font-feature-liga-off font-feature-clig-off font-feature-calt-off text-decoration-underline text-strikethrough-none\">GOALTENDING<\/span><\/strong><\/span><\/p>\n<p class=\"cvGsUA block-font-kerning-normal block-font-feature-liga-off block-font-feature-clig-off block-font-feature-calt-off direction-ltr align-start para-style-body\"><strong><span class=\"a_GcMg font-feature-liga-off font-feature-clig-off font-feature-calt-off text-decoration-none text-strikethrough-none\">Brian Elder <\/span><\/strong><span class=\"a_GcMg font-feature-liga-off font-feature-clig-off font-feature-calt-off text-decoration-none text-strikethrough-none\">\u2013 Goaltending Scout<\/span><\/p>\n<p class=\"cvGsUA block-font-kerning-normal block-font-feature-liga-off block-font-feature-clig-off block-font-feature-calt-off direction-ltr align-start para-style-body\"><em><span class=\"a_GcMg font-feature-liga-off font-feature-clig-off font-feature-calt-off text-decoration-none text-strikethrough-none\">Wawanesa, MB.<\/span><\/em><\/p>\n<p class=\"cvGsUA block-font-kerning-normal block-font-feature-liga-off block-font-feature-clig-off block-font-feature-calt-off direction-ltr align-start para-style-body\"><span class=\"a_GcMg font-feature-liga-off font-feature-clig-off font-feature-calt-off text-decoration-none text-strikethrough-none\">Elder returns in his role as Goaltending Scout. He has been a member of the Broncos scouting staff since 2021 and will continue to evaluate goaltenders for the organization.<\/span><\/p>\n<p class=\"cvGsUA block-font-kerning-normal block-font-feature-liga-off block-font-feature-clig-off block-font-feature-calt-off direction-ltr align-start para-style-body\"><span style=\"text-decoration: underline\"><strong><span class=\"a_GcMg font-feature-liga-off font-feature-clig-off font-feature-calt-off text-decoration-underline text-strikethrough-none\">UNITED STATES<\/span><\/strong><\/span><\/p>\n<p class=\"cvGsUA block-font-kerning-normal block-font-feature-liga-off block-font-feature-clig-off block-font-feature-calt-off direction-ltr align-start para-style-body\"><span class=\"a_GcMg font-feature-liga-off font-feature-clig-off font-feature-calt-off text-decoration-none text-strikethrough-none\"><strong>Andy Kubas<\/strong> <\/span><span class=\"a_GcMg font-feature-liga-off font-feature-clig-off font-feature-calt-off text-decoration-none text-strikethrough-none\">\u2013 USA Regional Scout, West\/North Central<\/span><\/p>\n<p class=\"cvGsUA block-font-kerning-normal block-font-feature-liga-off block-font-feature-clig-off block-font-feature-calt-off direction-ltr align-start para-style-body\"><em><span class=\"a_GcMg font-feature-liga-off font-feature-clig-off font-feature-calt-off text-decoration-none text-strikethrough-none\">Edina, Minnesota<\/span><\/em><\/p>\n<p class=\"cvGsUA block-font-kerning-normal block-font-feature-liga-off block-font-feature-clig-off block-font-feature-calt-off direction-ltr align-start para-style-body\"><span class=\"a_GcMg font-feature-liga-off font-feature-clig-off font-feature-calt-off text-decoration-none text-strikethrough-none\">Kubas returns for his sixth season with the Broncos after joining the organization in 2021. He will be responsible for scouting throughout the West and North Central regions of the United States.<\/span><\/p>\n<p class=\"cvGsUA block-font-kerning-normal block-font-feature-liga-off block-font-feature-clig-off block-font-feature-calt-off direction-ltr align-start para-style-body\"><strong><span class=\"a_GcMg font-feature-liga-off font-feature-clig-off font-feature-calt-off text-decoration-none text-strikethrough-none\">Chris Eagles<\/span><\/strong><span class=\"a_GcMg font-feature-liga-off font-feature-clig-off font-feature-calt-off text-decoration-none text-strikethrough-none\"> \u2013 USA Regional Scout, South Central<\/span><\/p>\n<p class=\"cvGsUA block-font-kerning-normal block-font-feature-liga-off block-font-feature-clig-off block-font-feature-calt-off direction-ltr align-start para-style-body\"><em><span class=\"a_GcMg font-feature-liga-off font-feature-clig-off font-feature-calt-off text-decoration-none text-strikethrough-none\">Longmont, Colorado<\/span><\/em><\/p>\n<p class=\"cvGsUA block-font-kerning-normal block-font-feature-liga-off block-font-feature-clig-off block-font-feature-calt-off direction-ltr align-start para-style-body\"><span class=\"a_GcMg font-feature-liga-off font-feature-clig-off font-feature-calt-off text-decoration-none text-strikethrough-none\">Eagles joins the Broncos as a new hire and will cover the South Central United States. He currently serves as the North Colorado Youth Hockey Travel 14U Hockey Director and Coach.<\/span><\/p>\n<p class=\"cvGsUA block-font-kerning-normal block-font-feature-liga-off block-font-feature-clig-off block-font-feature-calt-off direction-ltr align-start para-style-body\"><strong><span class=\"a_GcMg font-feature-liga-off font-feature-clig-off font-feature-calt-off text-decoration-none text-strikethrough-none\">Jonathan Cosman<\/span><\/strong><span class=\"a_GcMg font-feature-liga-off font-feature-clig-off font-feature-calt-off text-decoration-none text-strikethrough-none\"> \u2013 USA Regional Scout, Pacific<\/span><\/p>\n<p class=\"cvGsUA block-font-kerning-normal block-font-feature-liga-off block-font-feature-clig-off block-font-feature-calt-off direction-ltr align-start para-style-body\"><em><span class=\"a_GcMg font-feature-liga-off font-feature-clig-off font-feature-calt-off text-decoration-none text-strikethrough-none\">Salt Lake City, Utah<\/span><\/em><\/p>\n<p class=\"cvGsUA block-font-kerning-normal block-font-feature-liga-off block-font-feature-clig-off block-font-feature-calt-off direction-ltr align-start para-style-body\"><span class=\"a_GcMg font-feature-liga-off font-feature-clig-off font-feature-calt-off text-decoration-none text-strikethrough-none\">Cosman joins the Broncos scouting staff and will be responsible for the Pacific region of the United States. He is the owner of JC93 Hockey and serves as Head Coach of the Utah State University Hockey Club.<\/span><\/p>\n<p class=\"cvGsUA block-font-kerning-normal block-font-feature-liga-off block-font-feature-clig-off block-font-feature-calt-off direction-ltr align-start para-style-body\"><strong><span class=\"a_GcMg font-feature-liga-off font-feature-clig-off font-feature-calt-off text-decoration-none text-strikethrough-none\">Joey Gilhooly<\/span><\/strong><span class=\"a_GcMg font-feature-liga-off font-feature-clig-off font-feature-calt-off text-decoration-none text-strikethrough-none\"> \u2013 USA Regional Scout, Eastern<\/span><\/p>\n<p class=\"cvGsUA block-font-kerning-normal block-font-feature-liga-off block-font-feature-clig-off block-font-feature-calt-off direction-ltr align-start para-style-body\"><em><span class=\"a_GcMg font-feature-liga-off font-feature-clig-off font-feature-calt-off text-decoration-none text-strikethrough-none\">Brooklyn, New York<\/span><\/em><\/p>\n<p class=\"cvGsUA block-font-kerning-normal block-font-feature-liga-off block-font-feature-clig-off block-font-feature-calt-off direction-ltr align-start para-style-body\"><span class=\"a_GcMg font-feature-liga-off font-feature-clig-off font-feature-calt-off text-decoration-none text-strikethrough-none\">Gilhooly joins the organization to cover the Eastern United States. He currently serves as Director of Scouting for the Woodbridge Wolfpack Hockey Club in New Jersey.<\/span><\/p>\n<p class=\"cvGsUA block-font-kerning-normal block-font-feature-liga-off block-font-feature-clig-off block-font-feature-calt-off direction-ltr align-start para-style-body\"><span style=\"text-decoration: underline\"><strong><span class=\"a_GcMg font-feature-liga-off font-feature-clig-off font-feature-calt-off text-decoration-underline text-strikethrough-none\">U18<\/span><\/strong><\/span><\/p>\n<p class=\"cvGsUA block-font-kerning-normal block-font-feature-liga-off block-font-feature-clig-off block-font-feature-calt-off direction-ltr align-start para-style-body\"><span class=\"a_GcMg font-feature-liga-off font-feature-clig-off font-feature-calt-off text-decoration-none text-strikethrough-none\">Ryan Keller<\/span><span class=\"a_GcMg font-feature-liga-off font-feature-clig-off font-feature-calt-off text-decoration-none text-strikethrough-none\"> \u2013 U18 Scout<\/span><\/p>\n<p class=\"cvGsUA block-font-kerning-normal block-font-feature-liga-off block-font-feature-clig-off block-font-feature-calt-off direction-ltr align-start para-style-body\"><em><span class=\"a_GcMg font-feature-liga-off font-feature-clig-off font-feature-calt-off text-decoration-none text-strikethrough-none\">Saskatoon, SK.<\/span><\/em><\/p>\n<p class=\"cvGsUA block-font-kerning-normal block-font-feature-liga-off block-font-feature-clig-off block-font-feature-calt-off direction-ltr align-start para-style-body\"><span class=\"a_GcMg font-feature-liga-off font-feature-clig-off font-feature-calt-off text-decoration-none text-strikethrough-none\">Keller joins the Broncos scouting staff as a U18 Scout. He currently serves as Head Coach of the Saskatoon Contacts in the Saskatchewan Male U18 AAA Hockey League.<\/span><\/p>\n<p>&nbsp;<\/p>\n<p class=\"cvGsUA block-font-kerning-normal block-font-feature-liga-off block-font-feature-clig-off block-font-feature-calt-off direction-ltr align-start para-style-body\"><span style=\"text-decoration: underline\"><strong><span class=\"a_GcMg font-feature-liga-off font-feature-clig-off font-feature-calt-off text-decoration-underline text-strikethrough-none\">EUROPE<\/span><\/strong><\/span><\/p>\n<p class=\"cvGsUA block-font-kerning-normal block-font-feature-liga-off block-font-feature-clig-off block-font-feature-calt-off direction-ltr align-start para-style-body\"><strong><span class=\"a_GcMg font-feature-liga-off font-feature-clig-off font-feature-calt-off text-decoration-none text-strikethrough-none\">Miska H\u00e4m\u00e4l\u00e4inen<\/span><\/strong><span class=\"a_GcMg font-feature-liga-off font-feature-clig-off font-feature-calt-off text-decoration-none text-strikethrough-none\"> \u2013 European Scout<\/span><\/p>\n<p class=\"cvGsUA block-font-kerning-normal block-font-feature-liga-off block-font-feature-clig-off block-font-feature-calt-off direction-ltr align-start para-style-body\"><em><span class=\"a_GcMg font-feature-liga-off font-feature-clig-off font-feature-calt-off text-decoration-none text-strikethrough-none\">J\u00e4rvenp\u00e4\u00e4, Finland<\/span><\/em><\/p>\n<p class=\"cvGsUA block-font-kerning-normal block-font-feature-liga-off block-font-feature-clig-off block-font-feature-calt-off direction-ltr align-start para-style-body\"><span class=\"a_GcMg font-feature-liga-off font-feature-clig-off font-feature-calt-off text-decoration-none text-strikethrough-none\">H\u00e4m\u00e4l\u00e4inen joins the Broncos as European Scout, expanding the organization\u2019s scouting presence overseas. He currently serves as Youth Hockey Operations Manager for the KJT Haukat organization in Finland.<\/span><\/p>\n<p class=\"cvGsUA block-font-kerning-normal block-font-feature-liga-off block-font-feature-clig-off block-font-feature-calt-off direction-ltr align-start para-style-body\"><span class=\"a_GcMg font-feature-liga-off font-feature-clig-off font-feature-calt-off text-decoration-none text-strikethrough-none\">\u201cWe\u2019re grateful and excited that many of our scouts are staying on board,\u201d said Crickard. \u201cRather than changing who is doing the evaluating, we\u2019re changing how the department is organized and adding Roy, Chris, Jonathan, Joey, Ryan, and Miska to help expand our scouting reach and depth of coverage.<\/span><\/p>\n<p class=\"cvGsUA block-font-kerning-normal block-font-feature-liga-off block-font-feature-clig-off block-font-feature-calt-off direction-ltr align-start para-style-body\"><span class=\"a_GcMg font-feature-liga-off font-feature-clig-off font-feature-calt-off text-decoration-none text-strikethrough-none\">\u201cThis new structure adds clearer regional assignments and more cross-checking between scouts. We believe this combination of proven eyes, new perspectives, and organization sets the Broncos up for continued success on draft day and beyond.\u201d<\/span><\/p>\n<p class=\"cvGsUA block-font-kerning-normal block-font-feature-liga-off block-font-feature-clig-off block-font-feature-calt-off direction-ltr align-start para-style-body\"><span class=\"a_GcMg font-feature-liga-off font-feature-clig-off font-feature-calt-off text-decoration-none text-strikethrough-none\">The Broncos welcome Roy Stasiuk, Chris Eagles, Jonathan Cosman, Joey Gilhooly, Ryan Keller and Miska H\u00e4m\u00e4l\u00e4inen to the organization and congratulate the returning members of the scouting staff on their new and expanded roles ahead of the 2026-27 season.<\/span><\/p>\n","protected":false},"excerpt":{"rendered":"<p>Swift Current, SK \u2013 The Swift Current Broncos are pleased to announce their scouting staff for the 2026-27 Western Hockey League season, featuring a combination of returning personnel in expanded roles and several new additions across Canada, the United States and Europe. Chad Leslie (Winnipeg, Man.) will serve as the Broncos\u2019 Director of Scouting, overseeing&hellip;<\/p>\n","protected":false},"author":464,"featured_media":40633,"comment_status":"closed","ping_status":"closed","sticky":false,"template":"","format":"article","meta":{"_acf_changed":false,"footnotes":""},"categories":[709],"tags":false,"class_list":["post-40626","post","type-post","status-publish","format-standard","has-post-thumbnail","hentry","category-article","category-709","description-off"],"acf":[],"featured_image":["https:\/\/media.chl.ca\/wp-content\/uploads\/sites\/54\/2026\/08\/14160948\/SCOUTING-STAFF-3-scaled.png",2560,1440,false],"hide_from_app_feed":false,"video":false,"gallery":null,"ht_game_id":0,"target_video":false,"_links":{"self":[{"href":"https:\/\/chl.ca\/whl-broncos\/wp-json\/wp\/v2\/posts\/40626","targetHints":{"allow":["GET"]}}],"collection":[{"href":"https:\/\/chl.ca\/whl-broncos\/wp-json\/wp\/v2\/posts"}],"about":[{"href":"https:\/\/chl.ca\/whl-broncos\/wp-json\/wp\/v2\/types\/post"}],"author":[{"embeddable":true,"href":"https:\/\/chl.ca\/whl-broncos\/wp-json\/wp\/v2\/users\/464"}],"replies":[{"embeddable":true,"href":"https:\/\/chl.ca\/whl-broncos\/wp-json\/wp\/v2\/comments?post=40626"}],"version-history":[{"count":3,"href":"https:\/\/chl.ca\/whl-broncos\/wp-json\/wp\/v2\/posts\/40626\/revisions"}],"predecessor-version":[{"id":40632,"href":"https:\/\/chl.ca\/whl-broncos\/wp-json\/wp\/v2\/posts\/40626\/revisions\/40632"}],"wp:featuredmedia":[{"embeddable":true,"href":"https:\/\/chl.ca\/whl-broncos\/wp-json\/wp\/v2\/media\/40633"}],"wp:attachment":[{"href":"https:\/\/chl.ca\/whl-broncos\/wp-json\/wp\/v2\/media?parent=40626"}],"wp:term":[{"taxonomy":"category","embeddable":true,"href":"https:\/\/chl.ca\/whl-broncos\/wp-json\/wp\/v2\/categories?post=40626"},{"taxonomy":"post_tag","embeddable":true,"href":"https:\/\/chl.ca\/whl-broncos\/wp-json\/wp\/v2\/tags?post=40626"}],"curies":[{"name":"wp","href":"https:\/\/api.w.org\/{rel}","templated":true}]}}]