[{"id":337577,"date":"2026-09-02T10:29:24","date_gmt":"2026-09-02T14:29:24","guid":{"rendered":"https:\/\/chl.ca\/lhjmq\/?p=337577"},"modified":"2026-09-02T10:29:24","modified_gmt":"2026-09-02T14:29:24","slug":"our-18-blainville-boisbriand-armada-2025-26-highlights","status":"publish","type":"post","link":"https:\/\/youtu.be\/RPjxJ4Ooy1M","title":{"rendered":"OUR 18 &#8211; Blainville-Boisbriand Armada 2025-26 Highlights"},"content":{"rendered":"<p>Rewatch some of the top plays from the Armada&#8217;s 2025-26 season!<\/p>\n","protected":false},"excerpt":{"rendered":"<p>Rewatch some of the top plays from the Armada&#8217;s 2025-26 season!<\/p>\n","protected":false},"author":23,"featured_media":337575,"comment_status":"closed","ping_status":"closed","sticky":false,"template":"","format":"link","meta":{"_acf_changed":false,"footnotes":""},"categories":[9473],"tags":[{"term_id":9202,"name":"Blainville-Boisbriand Armada","slug":"blainville-boisbriand-armada","term_group":0,"term_taxonomy_id":9203,"taxonomy":"post_tag","description":"","parent":0,"count":74,"filter":"raw","term_order":"335"},{"term_id":1027,"name":"Our 18","slug":"our-18","term_group":0,"term_taxonomy_id":1045,"taxonomy":"post_tag","description":"","parent":0,"count":331,"filter":"raw","term_order":"1848"}],"class_list":["post-337577","post","type-post","status-publish","format-standard","has-post-thumbnail","hentry","category-link","tag-blainville-boisbriand-armada","tag-our-18","category-9473","description-off"],"acf":[],"featured_image":["https:\/\/media.chl.ca\/wp-content\/uploads\/sites\/2\/2026\/09\/02101540\/BLB_VilleneuveXavier_20252026_Action_2-scaled.jpg",2560,1440,false],"hide_from_app_feed":false,"video":false,"gallery":null,"ht_game_id":0,"target_video":false,"_links":{"self":[{"href":"https:\/\/chl.ca\/lhjmq\/en\/wp-json\/wp\/v2\/posts\/337577","targetHints":{"allow":["GET"]}}],"collection":[{"href":"https:\/\/chl.ca\/lhjmq\/en\/wp-json\/wp\/v2\/posts"}],"about":[{"href":"https:\/\/chl.ca\/lhjmq\/en\/wp-json\/wp\/v2\/types\/post"}],"author":[{"embeddable":true,"href":"https:\/\/chl.ca\/lhjmq\/en\/wp-json\/wp\/v2\/users\/23"}],"replies":[{"embeddable":true,"href":"https:\/\/chl.ca\/lhjmq\/en\/wp-json\/wp\/v2\/comments?post=337577"}],"version-history":[{"count":1,"href":"https:\/\/chl.ca\/lhjmq\/en\/wp-json\/wp\/v2\/posts\/337577\/revisions"}],"predecessor-version":[{"id":337578,"href":"https:\/\/chl.ca\/lhjmq\/en\/wp-json\/wp\/v2\/posts\/337577\/revisions\/337578"}],"wp:featuredmedia":[{"embeddable":true,"href":"https:\/\/chl.ca\/lhjmq\/en\/wp-json\/wp\/v2\/media\/337575"}],"wp:attachment":[{"href":"https:\/\/chl.ca\/lhjmq\/en\/wp-json\/wp\/v2\/media?parent=337577"}],"wp:term":[{"taxonomy":"category","embeddable":true,"href":"https:\/\/chl.ca\/lhjmq\/en\/wp-json\/wp\/v2\/categories?post=337577"},{"taxonomy":"post_tag","embeddable":true,"href":"https:\/\/chl.ca\/lhjmq\/en\/wp-json\/wp\/v2\/tags?post=337577"}],"curies":[{"name":"wp","href":"https:\/\/api.w.org\/{rel}","templated":true}]}},{"id":337569,"date":"2026-09-02T10:06:58","date_gmt":"2026-09-02T14:06:58","guid":{"rendered":"https:\/\/chl.ca\/lhjmq\/?p=337569"},"modified":"2026-09-02T10:26:35","modified_gmt":"2026-09-02T14:26:35","slug":"our-18-newcomers-featured-everywhere-in-the-land-of-the-armada","status":"publish","type":"post","link":"https:\/\/chl.ca\/lhjmq\/en\/article\/our-18-newcomers-featured-everywhere-in-the-land-of-the-armada","title":{"rendered":"OUR 18 \u2013 Newcomers featured everywhere in the land of the Armada"},"content":{"rendered":"<p>The Blainville-Boisbriand Armada came within a game of advancing to the Gilles-Courteau Trophy Final last year. While the fans carry those memories forward, there are many people now in the fold who weren\u2019t part of the experience just a few months ago.<\/p>\n<p>The turnover in Blainville will be vast. Due to various factors, exactly one of the team\u2019s top ten scorers from last year will be back with the club to start the season; center Matt Gosselin. He\u2019ll be joined by fellow returnee Torkel Jennersjo, who has established himself as a pesky, hard-working presence in the Armada lineup, as well as Elliot Dub\u00e9, who begins his first full season with the club. Along with these familiar faces will be numerous newcomers to the organization, including skilled American center Mason Moreland, formerly of the WHL Saskatoon Blades, Russian winger Andrei Milyayev and 2026 third overall pick Jacob McKinnon.<\/p>\n<p>Defenseman Olivier Filaj and Zackary Plamondon return to lead the play away from the puck, bolstered from experiencing unexpected minutes on a talented but injury-plagued Armada squad last season. The club also went shopping for both veteran presence and raw skill for the blue line this past summer, acquiring overager Logan Brennan and rookie Camden Jackson from Qu\u00e9bec and Moncton, respectively. A blockbuster trade on the draft floor in June sent former Mooseheads netminder Nicolas Gillham-Cirka to the black and white.<\/p>\n<p>Two other new arrivals are set to commence their first season in Blainville as well, both with long-term results in mind. In July, the club was sold to Irvine, California businessman John Moreland. That same month, the club announced the hiring of Pierre Dagenais as its General Manager. This is the former star QMJHL player\u2019s first such posting in the league after several year of running successful hockey performance clinics. If their success in their respective fields is any indication, then the group playing under this new ownership and management should have a rewarding road ahead.<\/p>\n<p>_<\/p>\n<p><strong><u>2025-2026 Stats:<\/u><\/strong><\/p>\n<table>\n<tbody>\n<tr>\n<td width=\"213\"><strong>Record<\/strong><\/td>\n<td width=\"226\">40-18-5-1 (86 points)<\/td>\n<\/tr>\n<tr>\n<td width=\"213\"><strong>Conference Ranking<\/strong><\/td>\n<td width=\"226\">2<sup>nd<\/sup> West<\/td>\n<\/tr>\n<tr>\n<td width=\"213\"><strong>Overall Ranking<\/strong><\/td>\n<td width=\"226\">4<sup>th<\/sup><\/td>\n<\/tr>\n<tr>\n<td width=\"213\"><strong>Goals For<\/strong><\/td>\n<td width=\"226\">270 (3<sup>rd<\/sup>)<\/td>\n<\/tr>\n<tr>\n<td width=\"213\"><strong>Goals Against<\/strong><\/td>\n<td width=\"226\">176 (3<sup>rd<\/sup>)<\/td>\n<\/tr>\n<tr>\n<td width=\"213\"><strong>PP (Overall)<\/strong><\/td>\n<td width=\"226\">26.7% (4<sup>th<\/sup>)<\/td>\n<\/tr>\n<tr>\n<td width=\"213\"><strong>PK (Overall)<\/strong><\/td>\n<td width=\"226\">79.1% (5<sup>th<\/sup>)<\/td>\n<\/tr>\n<tr>\n<td width=\"213\"><strong>Leading Rookie (PTS)<\/strong><\/td>\n<td width=\"226\">Jennersjo (14-14-28)<\/td>\n<\/tr>\n<tr>\n<td width=\"213\"><strong>Leading Scorers (PTS)<\/strong><\/td>\n<td width=\"226\">Carbonneau (51-29-80)<\/td>\n<\/tr>\n<tr>\n<td width=\"213\"><strong>\u00a0<\/strong><\/td>\n<td width=\"226\">Nobert (30-48-78)<\/td>\n<\/tr>\n<tr>\n<td width=\"213\"><strong>\u00a0<\/strong><\/td>\n<td width=\"226\">Desjardins (28-50-78)<\/td>\n<\/tr>\n<tr>\n<td width=\"213\"><strong>\u00a0<\/strong><\/td>\n<td width=\"226\">Gosselin (23-27-50)<\/td>\n<\/tr>\n<tr>\n<td width=\"213\"><strong>\u00a0<\/strong><\/td>\n<td width=\"226\">Lavigne (22-26-48)<\/td>\n<\/tr>\n<\/tbody>\n<\/table>\n<p>&nbsp;<\/p>\n","protected":false},"excerpt":{"rendered":"<p>The Blainville-Boisbriand Armada came within a game of advancing to the Gilles-Courteau Trophy Final last year. While the fans carry those memories forward, there are many people now in the fold who weren\u2019t part of the experience just a few months ago. The turnover in Blainville will be vast. Due to various factors, exactly one&hellip;<\/p>\n","protected":false},"author":478,"featured_media":337534,"comment_status":"closed","ping_status":"closed","sticky":false,"template":"","format":"article","meta":{"_acf_changed":false,"footnotes":""},"categories":[1786],"tags":[{"term_id":9202,"name":"Blainville-Boisbriand Armada","slug":"blainville-boisbriand-armada","term_group":0,"term_taxonomy_id":9203,"taxonomy":"post_tag","description":"","parent":0,"count":74,"filter":"raw","term_order":"335"},{"term_id":1027,"name":"Our 18","slug":"our-18","term_group":0,"term_taxonomy_id":1045,"taxonomy":"post_tag","description":"","parent":0,"count":331,"filter":"raw","term_order":"1848"}],"class_list":["post-337569","post","type-post","status-publish","format-standard","has-post-thumbnail","hentry","category-article-en","tag-blainville-boisbriand-armada","tag-our-18","category-1786","description-off"],"acf":[],"featured_image":["https:\/\/media.chl.ca\/wp-content\/uploads\/sites\/2\/2026\/09\/02094810\/L007-260-04-Nos18_Our18-2026-2027-BLB.png",1920,1080,false],"hide_from_app_feed":false,"video":false,"gallery":null,"ht_game_id":0,"target_video":false,"_links":{"self":[{"href":"https:\/\/chl.ca\/lhjmq\/en\/wp-json\/wp\/v2\/posts\/337569","targetHints":{"allow":["GET"]}}],"collection":[{"href":"https:\/\/chl.ca\/lhjmq\/en\/wp-json\/wp\/v2\/posts"}],"about":[{"href":"https:\/\/chl.ca\/lhjmq\/en\/wp-json\/wp\/v2\/types\/post"}],"author":[{"embeddable":true,"href":"https:\/\/chl.ca\/lhjmq\/en\/wp-json\/wp\/v2\/users\/478"}],"replies":[{"embeddable":true,"href":"https:\/\/chl.ca\/lhjmq\/en\/wp-json\/wp\/v2\/comments?post=337569"}],"version-history":[{"count":1,"href":"https:\/\/chl.ca\/lhjmq\/en\/wp-json\/wp\/v2\/posts\/337569\/revisions"}],"predecessor-version":[{"id":337570,"href":"https:\/\/chl.ca\/lhjmq\/en\/wp-json\/wp\/v2\/posts\/337569\/revisions\/337570"}],"wp:featuredmedia":[{"embeddable":true,"href":"https:\/\/chl.ca\/lhjmq\/en\/wp-json\/wp\/v2\/media\/337534"}],"wp:attachment":[{"href":"https:\/\/chl.ca\/lhjmq\/en\/wp-json\/wp\/v2\/media?parent=337569"}],"wp:term":[{"taxonomy":"category","embeddable":true,"href":"https:\/\/chl.ca\/lhjmq\/en\/wp-json\/wp\/v2\/categories?post=337569"},{"taxonomy":"post_tag","embeddable":true,"href":"https:\/\/chl.ca\/lhjmq\/en\/wp-json\/wp\/v2\/tags?post=337569"}],"curies":[{"name":"wp","href":"https:\/\/api.w.org\/{rel}","templated":true}]}},{"id":337528,"date":"2026-09-02T09:18:02","date_gmt":"2026-09-02T13:18:02","guid":{"rendered":"https:\/\/chl.ca\/lhjmq\/?p=337528"},"modified":"2026-09-02T09:28:13","modified_gmt":"2026-09-02T13:28:13","slug":"qmjhl-prospects-game-presented-by-bfl-canada-tickets-now-on-sale","status":"publish","type":"post","link":"https:\/\/chl.ca\/lhjmq\/en\/article\/qmjhl-prospects-game-presented-by-bfl-canada-tickets-now-on-sale","title":{"rendered":"QMJHL Prospects Game presented by BFL Canada: Tickets Now on Sale!"},"content":{"rendered":"<p>As you probably know, the second edition of the QMJHL Prospects Game presented by BFL Canada will take place on Wednesday, October 28, at the Slush Puppie Centre in Gatineau. Today, we are pleased to announce that tickets are now on sale and can be purchased <a href=\"https:\/\/www.tixr.com\/groups\/centreslushpuppie\/events\/match-des-espoirs-lhjmq-2026-204043\"><strong><span style=\"text-decoration: underline\">RIGHT HERE<\/span><\/strong><\/a>.<\/p>\n<p>The game will provide fans with an opportunity to see, in person, the top 40 QMJHL prospects eligible for the 2027 NHL Entry Draft, including 24 forwards, 12 defencemen and 4 goaltenders.<\/p>\n<p>The roster will be selected by NHL Central Scouting and will be announced in the coming weeks.<\/p>\n<p>\u201cOur Prospects Game was a success last year in Sherbrooke, and it is here to stay,\u201d said QMJHL Commissioner Mario Cecchini. \u201cFor our fans, as well as NHL general managers and scouts, it is hard to ask for anything better: for one night, our 40 top prospects are all gathered under one roof. We had 20 players selected in the 2026 NHL Draft, and we are confident we can increase that total next June.\u201d<\/p>\n<p>Saint John Sea Dogs forward Alexis Joseph, considered by many to be a potential Top 5 NHL selection, is expected to be part of the event.<\/p>\n<p>Qu\u00e9bec Remparts forward Carter Meyer, Halifax Mooseheads defenceman Malik L\u2019Italien and Remparts goaltender Patrick D\u00e9niger are also strong candidates to participate.<\/p>\n<p>More than 4,000 fans will be able to attend the game at Slush Puppie Centre, which opened in 2021. Last year in Sherbrooke, the inaugural QMJHL Prospects Game presented by BFL Canada attracted more than 100 NHL general managers and scouts.<\/p>\n<p>\u201cIt is an exceptional showcase for our talent,\u201d concluded Mario Cecchini.<\/p>\n<p><a class=\"dt-pswp-item\" href=\"https:\/\/media.chl.ca\/wp-content\/uploads\/sites\/2\/2026\/09\/02092258\/4x5-ENG-Annonce-vente-billets-Espoirs-Gatineau.png\" data-dt-img-description=\"\" data-large_image_width=\"1122\" data-large_image_height=\"1402\"><img loading=\"lazy\" decoding=\"async\" class=\"aligncenter size-large wp-image-337529\" src=\"https:\/\/media.chl.ca\/wp-content\/uploads\/sites\/2\/2026\/09\/02092258\/4x5-ENG-Annonce-vente-billets-Espoirs-Gatineau-819x1024.png\" alt=\"\" width=\"819\" height=\"1024\" srcset=\"https:\/\/media.chl.ca\/wp-content\/uploads\/sites\/2\/2026\/09\/02092258\/4x5-ENG-Annonce-vente-billets-Espoirs-Gatineau-819x1024.png 819w, https:\/\/media.chl.ca\/wp-content\/uploads\/sites\/2\/2026\/09\/02092258\/4x5-ENG-Annonce-vente-billets-Espoirs-Gatineau-240x300.png 240w, https:\/\/media.chl.ca\/wp-content\/uploads\/sites\/2\/2026\/09\/02092258\/4x5-ENG-Annonce-vente-billets-Espoirs-Gatineau-768x960.png 768w, https:\/\/media.chl.ca\/wp-content\/uploads\/sites\/2\/2026\/09\/02092258\/4x5-ENG-Annonce-vente-billets-Espoirs-Gatineau.png 1122w\" sizes=\"auto, (max-width: 819px) 100vw, 819px\" \/><\/a><\/p>\n","protected":false},"excerpt":{"rendered":"<p>As you probably know, the second edition of the QMJHL Prospects Game presented by BFL Canada will take place on Wednesday, October 28, at the Slush Puppie Centre in Gatineau. Today, we are pleased to announce that tickets are now on sale and can be purchased RIGHT HERE. The game will provide fans with an&hellip;<\/p>\n","protected":false},"author":23,"featured_media":337531,"comment_status":"closed","ping_status":"closed","sticky":false,"template":"","format":"article","meta":{"_acf_changed":false,"footnotes":""},"categories":[1786],"tags":[{"term_id":9311,"name":"NHL Prospects","slug":"nhl-prospects-en","term_group":0,"term_taxonomy_id":9312,"taxonomy":"post_tag","description":"","parent":0,"count":23,"filter":"raw","term_order":"1736"},{"term_id":6644,"name":"QMJHL Prospects Game","slug":"qmjhl-prospects-game","term_group":0,"term_taxonomy_id":6645,"taxonomy":"post_tag","description":"","parent":0,"count":12,"filter":"raw","term_order":"2008"}],"class_list":["post-337528","post","type-post","status-publish","format-standard","has-post-thumbnail","hentry","category-article-en","tag-nhl-prospects-en","tag-qmjhl-prospects-game","category-1786","description-off"],"acf":[],"featured_image":["https:\/\/media.chl.ca\/wp-content\/uploads\/sites\/2\/2026\/09\/02092350\/16x9-ENG-Annonce-vente-billets-Espoirs-Gatineau.png",1672,941,false],"hide_from_app_feed":false,"video":false,"gallery":null,"ht_game_id":0,"target_video":false,"_links":{"self":[{"href":"https:\/\/chl.ca\/lhjmq\/en\/wp-json\/wp\/v2\/posts\/337528","targetHints":{"allow":["GET"]}}],"collection":[{"href":"https:\/\/chl.ca\/lhjmq\/en\/wp-json\/wp\/v2\/posts"}],"about":[{"href":"https:\/\/chl.ca\/lhjmq\/en\/wp-json\/wp\/v2\/types\/post"}],"author":[{"embeddable":true,"href":"https:\/\/chl.ca\/lhjmq\/en\/wp-json\/wp\/v2\/users\/23"}],"replies":[{"embeddable":true,"href":"https:\/\/chl.ca\/lhjmq\/en\/wp-json\/wp\/v2\/comments?post=337528"}],"version-history":[{"count":1,"href":"https:\/\/chl.ca\/lhjmq\/en\/wp-json\/wp\/v2\/posts\/337528\/revisions"}],"predecessor-version":[{"id":337533,"href":"https:\/\/chl.ca\/lhjmq\/en\/wp-json\/wp\/v2\/posts\/337528\/revisions\/337533"}],"wp:featuredmedia":[{"embeddable":true,"href":"https:\/\/chl.ca\/lhjmq\/en\/wp-json\/wp\/v2\/media\/337531"}],"wp:attachment":[{"href":"https:\/\/chl.ca\/lhjmq\/en\/wp-json\/wp\/v2\/media?parent=337528"}],"wp:term":[{"taxonomy":"category","embeddable":true,"href":"https:\/\/chl.ca\/lhjmq\/en\/wp-json\/wp\/v2\/categories?post=337528"},{"taxonomy":"post_tag","embeddable":true,"href":"https:\/\/chl.ca\/lhjmq\/en\/wp-json\/wp\/v2\/tags?post=337528"}],"curies":[{"name":"wp","href":"https:\/\/api.w.org\/{rel}","templated":true}]}},{"id":337512,"date":"2026-09-01T10:12:43","date_gmt":"2026-09-01T14:12:43","guid":{"rendered":"https:\/\/chl.ca\/lhjmq\/?p=337512"},"modified":"2026-09-01T10:12:43","modified_gmt":"2026-09-01T14:12:43","slug":"our-18-baie-comeau-drakkar-2025-26-highlights","status":"publish","type":"post","link":"https:\/\/youtu.be\/LOnly4YDkI4","title":{"rendered":"OUR 18 &#8211; Baie-Comeau Drakkar 2025-26 Highlights"},"content":{"rendered":"<p>Check out some of the top plays from the Drakkar&#8217;s past season!<\/p>\n","protected":false},"excerpt":{"rendered":"<p>Check out some of the top plays from the Drakkar&#8217;s past season!<\/p>\n","protected":false},"author":23,"featured_media":337513,"comment_status":"closed","ping_status":"closed","sticky":false,"template":"","format":"link","meta":{"_acf_changed":false,"footnotes":""},"categories":[9473],"tags":[{"term_id":1125,"name":"Baie-Comeau Drakkar","slug":"baie-comeau-drakkar","term_group":0,"term_taxonomy_id":1146,"taxonomy":"post_tag","description":"","parent":0,"count":333,"filter":"raw","term_order":"296"},{"term_id":1027,"name":"Our 18","slug":"our-18","term_group":0,"term_taxonomy_id":1045,"taxonomy":"post_tag","description":"","parent":0,"count":331,"filter":"raw","term_order":"1848"}],"class_list":["post-337512","post","type-post","status-publish","format-standard","has-post-thumbnail","hentry","category-link","tag-baie-comeau-drakkar","tag-our-18","category-9473","description-off"],"acf":[],"featured_image":["https:\/\/media.chl.ca\/wp-content\/uploads\/sites\/2\/2026\/09\/01101221\/KiosqueBeckman_Lucas_Vincent_Letourneau-1.jpg",2200,1238,false],"hide_from_app_feed":false,"video":false,"gallery":null,"ht_game_id":0,"target_video":false,"_links":{"self":[{"href":"https:\/\/chl.ca\/lhjmq\/en\/wp-json\/wp\/v2\/posts\/337512","targetHints":{"allow":["GET"]}}],"collection":[{"href":"https:\/\/chl.ca\/lhjmq\/en\/wp-json\/wp\/v2\/posts"}],"about":[{"href":"https:\/\/chl.ca\/lhjmq\/en\/wp-json\/wp\/v2\/types\/post"}],"author":[{"embeddable":true,"href":"https:\/\/chl.ca\/lhjmq\/en\/wp-json\/wp\/v2\/users\/23"}],"replies":[{"embeddable":true,"href":"https:\/\/chl.ca\/lhjmq\/en\/wp-json\/wp\/v2\/comments?post=337512"}],"version-history":[{"count":1,"href":"https:\/\/chl.ca\/lhjmq\/en\/wp-json\/wp\/v2\/posts\/337512\/revisions"}],"predecessor-version":[{"id":337515,"href":"https:\/\/chl.ca\/lhjmq\/en\/wp-json\/wp\/v2\/posts\/337512\/revisions\/337515"}],"wp:featuredmedia":[{"embeddable":true,"href":"https:\/\/chl.ca\/lhjmq\/en\/wp-json\/wp\/v2\/media\/337513"}],"wp:attachment":[{"href":"https:\/\/chl.ca\/lhjmq\/en\/wp-json\/wp\/v2\/media?parent=337512"}],"wp:term":[{"taxonomy":"category","embeddable":true,"href":"https:\/\/chl.ca\/lhjmq\/en\/wp-json\/wp\/v2\/categories?post=337512"},{"taxonomy":"post_tag","embeddable":true,"href":"https:\/\/chl.ca\/lhjmq\/en\/wp-json\/wp\/v2\/tags?post=337512"}],"curies":[{"name":"wp","href":"https:\/\/api.w.org\/{rel}","templated":true}]}},{"id":337510,"date":"2026-09-01T09:54:02","date_gmt":"2026-09-01T13:54:02","guid":{"rendered":"https:\/\/chl.ca\/lhjmq\/?p=337510"},"modified":"2026-09-01T10:08:56","modified_gmt":"2026-09-01T14:08:56","slug":"our-18-drakkar-ready-to-row-in-the-right-direction","status":"publish","type":"post","link":"https:\/\/chl.ca\/lhjmq\/en\/article\/our-18-drakkar-ready-to-row-in-the-right-direction","title":{"rendered":"OUR 18 &#8211; Drakkar ready to row in the right direction"},"content":{"rendered":"<p>What was supposed to be a down year in Baie-Comeau last year became an unexpected drop to the very bottom of the QMJHL standings. The Drakkar now set sail on its 30<sup>th<\/sup> anniversary voyage prepared to take the first steps back to the top of the standings yet again.<\/p>\n<p>Offense, which was at a premium last year, will be by committee. Robin Benoit represents to top returning scorer from last year while a pair of transactions during the off-season bring overagers Brayden Besner and Dominic Pilote into the fold to provide both depth and veteran presence. \u00a0Liam Armit will be relied upon to take another step forward after a solid rookie campaign. Among the newcomers up front are 2026 second rounder Bryce Lazare and a trio of Austrians \u2013 Jonathan Oschgan, David Waschnig and Johannes Dobrovolny \u2013 all chosen in this Summer\u2019s CHL Import Draft.<\/p>\n<p>The blue line is anchored by veterans Matthias Gilbert and Drew Allison, while former first round selection Biagio Jr Daniele enters his first full campaign in Baie-Comeau prepared to be deployed in all situations. This trio will also guide along a group of younger rearguards which includes freshman Enzo Roy and second-year skater Zachary Hachey. The lone returning netminder to training camp with any notable amount of QMJHL experience is Mathias Hernandez, who performed admirably after arriving from Chicoutimi during last year\u2019s holiday trade period. 2026 QMJHL first round selection Nathan Boulanger represents the future between the pipes.<\/p>\n<p>Bringing this group together is new Head Coach Patrice Bosch, an assistant with the club for the past three years including its run to the league Final in 2024. He represents yet another key member in the Drakkar\u2019s continuing trip back to contention.<\/p>\n<p><strong><u>_<\/u><\/strong><\/p>\n<p><strong><u>2025-2026 Stats:<\/u><\/strong><\/p>\n<table>\n<tbody>\n<tr>\n<td width=\"213\"><strong>Record<\/strong><\/td>\n<td width=\"226\">15-42-5-2 (37 points)<\/td>\n<\/tr>\n<tr>\n<td width=\"213\"><strong>Conference Ranking<\/strong><\/td>\n<td width=\"226\">10<sup>th<\/sup> East<\/td>\n<\/tr>\n<tr>\n<td width=\"213\"><strong>Overall Ranking<\/strong><\/td>\n<td width=\"226\">18<sup>th<\/sup><\/td>\n<\/tr>\n<tr>\n<td width=\"213\"><strong>Goals For<\/strong><\/td>\n<td width=\"226\">141 (18<sup>th<\/sup>)<\/td>\n<\/tr>\n<tr>\n<td width=\"213\"><strong>Goals Against<\/strong><\/td>\n<td width=\"226\">265 (T-15<sup>th<\/sup>)<\/td>\n<\/tr>\n<tr>\n<td width=\"213\"><strong>PP (Overall)<\/strong><\/td>\n<td width=\"226\">17.2% (16<sup>th<\/sup>)<\/td>\n<\/tr>\n<tr>\n<td width=\"213\"><strong>PK (Overall)<\/strong><\/td>\n<td width=\"226\">70.6% (18<sup>th<\/sup>)<\/td>\n<\/tr>\n<tr>\n<td width=\"213\"><strong>Leading Rookie (PTS)<\/strong><\/td>\n<td width=\"226\">De Luca (10-15-25)<\/td>\n<\/tr>\n<tr>\n<td width=\"213\"><strong>Leading Scorers (PTS)<\/strong><\/td>\n<td width=\"226\">Powers (26-57-83)<\/td>\n<\/tr>\n<tr>\n<td width=\"213\"><strong>\u00a0<\/strong><\/td>\n<td width=\"226\">Benoit (43-37-80)<\/td>\n<\/tr>\n<tr>\n<td width=\"213\"><strong>\u00a0<\/strong><\/td>\n<td width=\"226\">Gilbert (34-30-64)<\/td>\n<\/tr>\n<tr>\n<td width=\"213\"><strong>\u00a0<\/strong><\/td>\n<td width=\"226\">Cavallin (14-32-46)<\/td>\n<\/tr>\n<tr>\n<td width=\"213\"><strong>\u00a0<\/strong><\/td>\n<td width=\"226\">De Luca (10-15-25)<\/td>\n<\/tr>\n<\/tbody>\n<\/table>\n<p>&nbsp;<\/p>\n","protected":false},"excerpt":{"rendered":"<p>What was supposed to be a down year in Baie-Comeau last year became an unexpected drop to the very bottom of the QMJHL standings. The Drakkar now set sail on its 30th anniversary voyage prepared to take the first steps back to the top of the standings yet again. Offense, which was at a premium&hellip;<\/p>\n","protected":false},"author":478,"featured_media":337504,"comment_status":"closed","ping_status":"closed","sticky":false,"template":"","format":"article","meta":{"_acf_changed":false,"footnotes":""},"categories":[1786],"tags":[{"term_id":1125,"name":"Baie-Comeau Drakkar","slug":"baie-comeau-drakkar","term_group":0,"term_taxonomy_id":1146,"taxonomy":"post_tag","description":"","parent":0,"count":333,"filter":"raw","term_order":"296"},{"term_id":1027,"name":"Our 18","slug":"our-18","term_group":0,"term_taxonomy_id":1045,"taxonomy":"post_tag","description":"","parent":0,"count":331,"filter":"raw","term_order":"1848"}],"class_list":["post-337510","post","type-post","status-publish","format-standard","has-post-thumbnail","hentry","category-article-en","tag-baie-comeau-drakkar","tag-our-18","category-1786","description-off"],"acf":[],"featured_image":["https:\/\/media.chl.ca\/wp-content\/uploads\/sites\/2\/2026\/09\/01095321\/L007-260-04-Nos18_Our18-2026-2027-BAC.png",1920,1080,false],"hide_from_app_feed":false,"video":false,"gallery":null,"ht_game_id":0,"target_video":false,"_links":{"self":[{"href":"https:\/\/chl.ca\/lhjmq\/en\/wp-json\/wp\/v2\/posts\/337510","targetHints":{"allow":["GET"]}}],"collection":[{"href":"https:\/\/chl.ca\/lhjmq\/en\/wp-json\/wp\/v2\/posts"}],"about":[{"href":"https:\/\/chl.ca\/lhjmq\/en\/wp-json\/wp\/v2\/types\/post"}],"author":[{"embeddable":true,"href":"https:\/\/chl.ca\/lhjmq\/en\/wp-json\/wp\/v2\/users\/478"}],"replies":[{"embeddable":true,"href":"https:\/\/chl.ca\/lhjmq\/en\/wp-json\/wp\/v2\/comments?post=337510"}],"version-history":[{"count":1,"href":"https:\/\/chl.ca\/lhjmq\/en\/wp-json\/wp\/v2\/posts\/337510\/revisions"}],"predecessor-version":[{"id":337511,"href":"https:\/\/chl.ca\/lhjmq\/en\/wp-json\/wp\/v2\/posts\/337510\/revisions\/337511"}],"wp:featuredmedia":[{"embeddable":true,"href":"https:\/\/chl.ca\/lhjmq\/en\/wp-json\/wp\/v2\/media\/337504"}],"wp:attachment":[{"href":"https:\/\/chl.ca\/lhjmq\/en\/wp-json\/wp\/v2\/media?parent=337510"}],"wp:term":[{"taxonomy":"category","embeddable":true,"href":"https:\/\/chl.ca\/lhjmq\/en\/wp-json\/wp\/v2\/categories?post=337510"},{"taxonomy":"post_tag","embeddable":true,"href":"https:\/\/chl.ca\/lhjmq\/en\/wp-json\/wp\/v2\/tags?post=337510"}],"curies":[{"name":"wp","href":"https:\/\/api.w.org\/{rel}","templated":true}]}},{"id":337485,"date":"2026-08-25T13:26:24","date_gmt":"2026-08-25T17:26:24","guid":{"rendered":"https:\/\/chl.ca\/lhjmq\/?p=337485"},"modified":"2026-08-25T13:37:55","modified_gmt":"2026-08-25T17:37:55","slug":"olivier-metcalfe-named-captain-of-the-alliance-sports-etudes-for-2026-27","status":"publish","type":"post","link":"https:\/\/chl.ca\/lhjmq\/en\/article\/olivier-metcalfe-named-captain-of-the-alliance-sports-etudes-for-2026-27","title":{"rendered":"Olivier Metcalfe named captain of the &#8221;Alliance Sports-\u00c9tudes&#8221; for 2026-27"},"content":{"rendered":"<p>The Blainville-Boisbriand Armada forward Olivier Metcalfe will be one of the four captains of the Alliance Sports-\u00c9tudes for the 2026\u201327 season, as announced by the organisation on Tuesday.<\/p>\n<p>Among Metcalfe\u2019s responsibilities during the upcoming season, he will be involved with the Alliance Sports-\u00c9tudes in a number of ways. He will remain active on social media, where he will share his successes, his challenges and his tips on balancing sport and school. He will also take part in a number of the organization&#8217;s events.<\/p>\n<p>Throughout the 2026-27 season, the Alliance Sports-\u00c9tudes will be presenting short features showcasing Metcalfe. The Armada forward will receive $250 for his contribution at the end of his term, and a bonus may be awarded depending on the level of involvement and the quality of commitment demonstrated.<\/p>\n<p>A Boisbriand, QC native, Metcalfe is currently studying Human Sciences with maths at Coll\u00e8ge Lionel-Groulx of Sainte-Th\u00e9r\u00e8se. He was named student-athlete of the month for November 2024. He attributes part of his success to his discipline and organisational skills, which enable him to balance hockey and his studies.<\/p>\n<p>On the ice, Metcalfe is in his third full season in the QMJHL, at 19. He collected eight points in 33 contests last year.<\/p>\n<p>&nbsp;<\/p>\n<p>&nbsp;<\/p>\n","protected":false},"excerpt":{"rendered":"<p>The Blainville-Boisbriand Armada forward Olivier Metcalfe will be one of the four captains of the Alliance Sports-\u00c9tudes for the 2026\u201327 season, as announced by the organisation on Tuesday. Among Metcalfe\u2019s responsibilities during the upcoming season, he will be involved with the Alliance Sports-\u00c9tudes in a number of ways. He will remain active on social media,&hellip;<\/p>\n","protected":false},"author":456,"featured_media":337483,"comment_status":"closed","ping_status":"closed","sticky":false,"template":"","format":"article","meta":{"_acf_changed":false,"footnotes":""},"categories":[1786],"tags":[{"term_id":9640,"name":"Olivier Metcalfe","slug":"olivier-metcalfe","term_group":0,"term_taxonomy_id":9641,"taxonomy":"post_tag","description":"","parent":0,"count":1,"filter":"raw","term_order":"1"},{"term_id":8296,"name":"Alliance Sport-\u00c9tudes","slug":"alliance-sport-etudes-en","term_group":0,"term_taxonomy_id":8297,"taxonomy":"post_tag","description":"","parent":0,"count":2,"filter":"raw","term_order":"194"},{"term_id":9397,"name":"Armada Blainville-Boisbriand","slug":"armada-blainville-boisbriand","term_group":0,"term_taxonomy_id":9398,"taxonomy":"post_tag","description":"","parent":0,"count":3,"filter":"raw","term_order":"268"},{"term_id":9397,"name":"Armada Blainville-Boisbriand","slug":"armada-blainville-boisbriand","term_group":0,"term_taxonomy_id":9398,"taxonomy":"post_tag","description":"","parent":0,"count":3,"filter":"raw","term_order":"268"},{"term_id":9202,"name":"Blainville-Boisbriand Armada","slug":"blainville-boisbriand-armada","term_group":0,"term_taxonomy_id":9203,"taxonomy":"post_tag","description":"","parent":0,"count":74,"filter":"raw","term_order":"335"}],"class_list":["post-337485","post","type-post","status-publish","format-standard","has-post-thumbnail","hentry","category-article-en","tag-olivier-metcalfe","tag-alliance-sport-etudes-en","tag-armada-blainville-boisbriand","tag-blainville-boisbriand-armada","category-1786","description-off"],"acf":[],"featured_image":["https:\/\/media.chl.ca\/wp-content\/uploads\/sites\/2\/2026\/08\/25132503\/BLB_MetcalfeOlivier_20252026_Action_1-scaled.jpg",2560,1706,false],"hide_from_app_feed":false,"video":false,"gallery":null,"ht_game_id":0,"target_video":false,"_links":{"self":[{"href":"https:\/\/chl.ca\/lhjmq\/en\/wp-json\/wp\/v2\/posts\/337485","targetHints":{"allow":["GET"]}}],"collection":[{"href":"https:\/\/chl.ca\/lhjmq\/en\/wp-json\/wp\/v2\/posts"}],"about":[{"href":"https:\/\/chl.ca\/lhjmq\/en\/wp-json\/wp\/v2\/types\/post"}],"author":[{"embeddable":true,"href":"https:\/\/chl.ca\/lhjmq\/en\/wp-json\/wp\/v2\/users\/456"}],"replies":[{"embeddable":true,"href":"https:\/\/chl.ca\/lhjmq\/en\/wp-json\/wp\/v2\/comments?post=337485"}],"version-history":[{"count":1,"href":"https:\/\/chl.ca\/lhjmq\/en\/wp-json\/wp\/v2\/posts\/337485\/revisions"}],"predecessor-version":[{"id":337486,"href":"https:\/\/chl.ca\/lhjmq\/en\/wp-json\/wp\/v2\/posts\/337485\/revisions\/337486"}],"wp:featuredmedia":[{"embeddable":true,"href":"https:\/\/chl.ca\/lhjmq\/en\/wp-json\/wp\/v2\/media\/337483"}],"wp:attachment":[{"href":"https:\/\/chl.ca\/lhjmq\/en\/wp-json\/wp\/v2\/media?parent=337485"}],"wp:term":[{"taxonomy":"category","embeddable":true,"href":"https:\/\/chl.ca\/lhjmq\/en\/wp-json\/wp\/v2\/categories?post=337485"},{"taxonomy":"post_tag","embeddable":true,"href":"https:\/\/chl.ca\/lhjmq\/en\/wp-json\/wp\/v2\/tags?post=337485"}],"curies":[{"name":"wp","href":"https:\/\/api.w.org\/{rel}","templated":true}]}},{"id":337470,"date":"2026-08-20T14:21:23","date_gmt":"2026-08-20T18:21:23","guid":{"rendered":"https:\/\/chl.ca\/lhjmq\/?p=337470"},"modified":"2026-08-20T14:30:56","modified_gmt":"2026-08-20T18:30:56","slug":"victoriaville-tigres-to-retire-yanni-gourdes-23","status":"publish","type":"post","link":"https:\/\/chl.ca\/lhjmq\/en\/article\/victoriaville-tigres-to-retire-yanni-gourdes-23","title":{"rendered":"Victoriaville Tigres to retire Yanni Gourde&#8217;s #23 on Feb. 5, 2027"},"content":{"rendered":"<p>The Victoriaville Tigres announced on Thursday that they will retire Yanni Gourde\u2019s number 23 jersey on 5 February 2027 during a ceremony at the Colis\u00e9e Desjardins.<\/p>\n<p>Character and determination are words that describe Gourde very well, and he demonstrated both tremendously during his time in Victoriaville.<\/p>\n<p>Never drafted in the QMJHL, Gourde was also released by the Tigres at the age of 17 to play at the U18 AAA level with the Jonqui\u00e8re \u00c9lites. After playing four games for the F\u00e9lins as an affiliated player in 2008\u201309, the forward from Saint-Narcisse-de-Beaurivage really carved out a place for himself in the squad the following season.<\/p>\n<p>In total, Gourde played 199 regular-season matches for the Tigres, racking up 221 points, including 74 goals and 147 assists. He also added 18 points in 29 playoff contests.<\/p>\n<p>Never drafted into the National Hockey League, he is one of the finest examples of determination to come out of the Cecchini circuit. Following his junior career, Gourde made his way through the ranks of professional ice hockey, moving from the ECHL to the American Hockey League, before establishing himself as an NHL player in the 2017\u20132018 season.<\/p>\n<p>He went on to become a key part of the Tampa Bay Lightning\u2019s back-to-back Stanley Cup victories in 2020 and 2021, having his name engraved twice on hockey\u2019s most prestigious trophy.<\/p>\n<p>His career also took him to Seattle, where he played for the Kraken for four seasons, before returning to the Lightning in 2025.<\/p>\n<p>Gourde will become the 10th player to receive this honour from the Tigres, after Alexandre Daigle, St\u00e9phane Fiset, Mathieu Garon, Danny Groulx, Matthew Lombardi, Carl Mallette, Yves Racine, R\u00e9ginald Savage and P.J. Stock.<\/p>\n<p>&nbsp;<\/p>\n","protected":false},"excerpt":{"rendered":"<p>The Victoriaville Tigres announced on Thursday that they will retire Yanni Gourde\u2019s number 23 jersey on 5 February 2027 during a ceremony at the Colis\u00e9e Desjardins. Character and determination are words that describe Gourde very well, and he demonstrated both tremendously during his time in Victoriaville. Never drafted in the QMJHL, Gourde was also released&hellip;<\/p>\n","protected":false},"author":31,"featured_media":337468,"comment_status":"closed","ping_status":"closed","sticky":false,"template":"","format":"article","meta":{"_acf_changed":false,"footnotes":""},"categories":[1786],"tags":[{"term_id":9639,"name":"Yanni Gourde","slug":"yanni-gourde","term_group":0,"term_taxonomy_id":9640,"taxonomy":"post_tag","description":"","parent":0,"count":1,"filter":"raw","term_order":"13"},{"term_id":9284,"name":"Tigres Victoriaville","slug":"tigres-victoriaville-en","term_group":0,"term_taxonomy_id":9285,"taxonomy":"post_tag","description":"","parent":0,"count":3,"filter":"raw","term_order":"2390"},{"term_id":9200,"name":"Victoriaville Tigres","slug":"victoriaville-tigres","term_group":0,"term_taxonomy_id":9201,"taxonomy":"post_tag","description":"","parent":0,"count":55,"filter":"raw","term_order":"2527"}],"class_list":["post-337470","post","type-post","status-publish","format-standard","has-post-thumbnail","hentry","category-article-en","tag-yanni-gourde","tag-tigres-victoriaville-en","tag-victoriaville-tigres","category-1786","description-off"],"acf":[],"featured_image":["https:\/\/media.chl.ca\/wp-content\/uploads\/sites\/2\/2026\/08\/20141031\/VIC_Yanni-Gourde-e1787250617741.jpg",534,301,false],"hide_from_app_feed":false,"video":false,"gallery":null,"ht_game_id":0,"target_video":false,"_links":{"self":[{"href":"https:\/\/chl.ca\/lhjmq\/en\/wp-json\/wp\/v2\/posts\/337470","targetHints":{"allow":["GET"]}}],"collection":[{"href":"https:\/\/chl.ca\/lhjmq\/en\/wp-json\/wp\/v2\/posts"}],"about":[{"href":"https:\/\/chl.ca\/lhjmq\/en\/wp-json\/wp\/v2\/types\/post"}],"author":[{"embeddable":true,"href":"https:\/\/chl.ca\/lhjmq\/en\/wp-json\/wp\/v2\/users\/31"}],"replies":[{"embeddable":true,"href":"https:\/\/chl.ca\/lhjmq\/en\/wp-json\/wp\/v2\/comments?post=337470"}],"version-history":[{"count":2,"href":"https:\/\/chl.ca\/lhjmq\/en\/wp-json\/wp\/v2\/posts\/337470\/revisions"}],"predecessor-version":[{"id":337472,"href":"https:\/\/chl.ca\/lhjmq\/en\/wp-json\/wp\/v2\/posts\/337470\/revisions\/337472"}],"wp:featuredmedia":[{"embeddable":true,"href":"https:\/\/chl.ca\/lhjmq\/en\/wp-json\/wp\/v2\/media\/337468"}],"wp:attachment":[{"href":"https:\/\/chl.ca\/lhjmq\/en\/wp-json\/wp\/v2\/media?parent=337470"}],"wp:term":[{"taxonomy":"category","embeddable":true,"href":"https:\/\/chl.ca\/lhjmq\/en\/wp-json\/wp\/v2\/categories?post=337470"},{"taxonomy":"post_tag","embeddable":true,"href":"https:\/\/chl.ca\/lhjmq\/en\/wp-json\/wp\/v2\/tags?post=337470"}],"curies":[{"name":"wp","href":"https:\/\/api.w.org\/{rel}","templated":true}]}},{"id":337460,"date":"2026-08-17T09:00:05","date_gmt":"2026-08-17T13:00:05","guid":{"rendered":"https:\/\/chl.ca\/lhjmq\/?p=337460"},"modified":"2026-08-17T09:02:55","modified_gmt":"2026-08-17T13:02:55","slug":"our-20s-baie-comeau-drakkar-3","status":"publish","type":"post","link":"https:\/\/chl.ca\/lhjmq\/en\/article\/our-20s-baie-comeau-drakkar-3","title":{"rendered":"Our 20&#8217;s &#8211; Baie-Comeau Drakkar"},"content":{"rendered":"<p>Throughout the summer, we\u2019ll be looking back at the QMJHL careers of our 20-year-old players, who will be moving on to new opportunities next season. Today, we feature the graduating players of the Baie-Comeau Drakkar.<\/p>\n<p><strong>Adam Cavallin<\/strong><br \/>\nCavallin, who holds dual Canadian and British citizenship, was invited to the Drummondville Voltigeurs training camp in 2024 after spending two seasons in the OHL with the Kingston Frontenacs. After a 30-point season in 57 games with Drummondville, he was traded to Val-d\u2019Or in the summer of 2025, but only briefly passed through with the Foreurs, who sent him to Baie-Comeau after just six games. With 28 points, including 18 goals, in 47 games with the Drakkar, Cavallin concludes his QMJHL career with 61 points (36\u201325) in 110 games. He will join Maryville University in 2026\u20132027.<\/p>\n<p><strong>Shawn Pearson<\/strong><br \/>\nA second-round pick of the Oc\u00e9anic in 2021, Pearson got a five-game audition in Rimouski in 2021\u20132022 before earning a full-time spot the following season. Then, in the summer of 2023, the energy forward was traded to Baie-Comeau, where he spent three seasons, including a run to the Gilles-Courteau Trophy Final in 2024. However, Pearson began the most recent season in the BCHL with Cranbrook before returning to Baie-Comeau as a 20-year-old. In 240 QMJHL games, he recorded 65 points and 218 penalty minutes. The University of Moncton has recruited him for 2026\u20132027.<\/p>\n<p><strong>Kyle Powers<\/strong><br \/>\nPowers, an Ontario native, was invited to the Charlottetown Islanders training camp in 2023 and carved out a role there over two seasons. Then, after only two games in the 2025\u20132026 season, he was traded to Baie-Comeau, where his 34 points in 52 games allowed him to finish as the Drakkar\u2019s leading scorer. The 6\u20191\u201d, 192 lb centre will join the University of Alaska-Fairbanks next season, following a QMJHL career of 96 points in 182 games.<\/p>\n","protected":false},"excerpt":{"rendered":"<p>Throughout the summer, we\u2019ll be looking back at the QMJHL careers of our 20-year-old players, who will be moving on to new opportunities next season. Today, we feature the graduating players of the Baie-Comeau Drakkar. Adam Cavallin Cavallin, who holds dual Canadian and British citizenship, was invited to the Drummondville Voltigeurs training camp in 2024&hellip;<\/p>\n","protected":false},"author":501,"featured_media":337461,"comment_status":"closed","ping_status":"closed","sticky":false,"template":"","format":"article","meta":{"_acf_changed":false,"footnotes":""},"categories":[1786],"tags":[{"term_id":9635,"name":"Adam Cavallin","slug":"adam-cavallin","term_group":0,"term_taxonomy_id":9636,"taxonomy":"post_tag","description":"","parent":0,"count":1,"filter":"raw","term_order":"9"},{"term_id":9636,"name":"Shawn Pearson","slug":"shawn-pearson","term_group":0,"term_taxonomy_id":9637,"taxonomy":"post_tag","description":"","parent":0,"count":1,"filter":"raw","term_order":"10"},{"term_id":9637,"name":"Kyle Powers","slug":"kyle-powers","term_group":0,"term_taxonomy_id":9638,"taxonomy":"post_tag","description":"","parent":0,"count":1,"filter":"raw","term_order":"11"},{"term_id":1125,"name":"Baie-Comeau Drakkar","slug":"baie-comeau-drakkar","term_group":0,"term_taxonomy_id":1146,"taxonomy":"post_tag","description":"","parent":0,"count":333,"filter":"raw","term_order":"296"},{"term_id":5274,"name":"Our 20's","slug":"our-20s","term_group":0,"term_taxonomy_id":5275,"taxonomy":"post_tag","description":"","parent":0,"count":38,"filter":"raw","term_order":"1849"}],"class_list":["post-337460","post","type-post","status-publish","format-standard","has-post-thumbnail","hentry","category-article-en","tag-adam-cavallin","tag-shawn-pearson","tag-kyle-powers","tag-baie-comeau-drakkar","tag-our-20s","category-1786","description-off"],"acf":[],"featured_image":["https:\/\/media.chl.ca\/wp-content\/uploads\/sites\/2\/2026\/08\/17090121\/Baie-Comeau-ENG.jpg",1920,1080,false],"hide_from_app_feed":false,"video":false,"gallery":null,"ht_game_id":0,"target_video":false,"_links":{"self":[{"href":"https:\/\/chl.ca\/lhjmq\/en\/wp-json\/wp\/v2\/posts\/337460","targetHints":{"allow":["GET"]}}],"collection":[{"href":"https:\/\/chl.ca\/lhjmq\/en\/wp-json\/wp\/v2\/posts"}],"about":[{"href":"https:\/\/chl.ca\/lhjmq\/en\/wp-json\/wp\/v2\/types\/post"}],"author":[{"embeddable":true,"href":"https:\/\/chl.ca\/lhjmq\/en\/wp-json\/wp\/v2\/users\/501"}],"replies":[{"embeddable":true,"href":"https:\/\/chl.ca\/lhjmq\/en\/wp-json\/wp\/v2\/comments?post=337460"}],"version-history":[{"count":1,"href":"https:\/\/chl.ca\/lhjmq\/en\/wp-json\/wp\/v2\/posts\/337460\/revisions"}],"predecessor-version":[{"id":337463,"href":"https:\/\/chl.ca\/lhjmq\/en\/wp-json\/wp\/v2\/posts\/337460\/revisions\/337463"}],"wp:featuredmedia":[{"embeddable":true,"href":"https:\/\/chl.ca\/lhjmq\/en\/wp-json\/wp\/v2\/media\/337461"}],"wp:attachment":[{"href":"https:\/\/chl.ca\/lhjmq\/en\/wp-json\/wp\/v2\/media?parent=337460"}],"wp:term":[{"taxonomy":"category","embeddable":true,"href":"https:\/\/chl.ca\/lhjmq\/en\/wp-json\/wp\/v2\/categories?post=337460"},{"taxonomy":"post_tag","embeddable":true,"href":"https:\/\/chl.ca\/lhjmq\/en\/wp-json\/wp\/v2\/tags?post=337460"}],"curies":[{"name":"wp","href":"https:\/\/api.w.org\/{rel}","templated":true}]}},{"id":337442,"date":"2026-08-12T10:24:22","date_gmt":"2026-08-12T14:24:22","guid":{"rendered":"https:\/\/chl.ca\/lhjmq\/?p=337442"},"modified":"2026-08-12T10:24:22","modified_gmt":"2026-08-12T14:24:22","slug":"our-20s-blainville-boisbriand-armada-3","status":"publish","type":"post","link":"https:\/\/chl.ca\/lhjmq\/en\/article\/our-20s-blainville-boisbriand-armada-3","title":{"rendered":"Our 20&#8217;s &#8211; Blainville-Boisbriand Armada"},"content":{"rendered":"<p>Throughout the summer, we\u2019ll be looking back at the QMJHL careers of our 20-year-old players, who will be moving on to new opportunities next season. Today, we feature the graduating players of the Blainville-Boisbriand Armada.<\/p>\n<p><strong>Vincent Collard<\/strong><br \/>\nThe third overall pick by the Baie-Comeau Drakkar in 2021, Collard spent two seasons in Baie-Comeau before being traded to Moncton, where he truly blossomed. The big forward of 6&#8217;3&#8243; and 199 pounds recorded seasons of 57 and 52 points with the Wildcats, helping them capture the Gilles-Courteau Trophy in 2025. He was then traded to Blainville-Boisbriand where, after collecting 41 points as team captain, he helped the Armada reach the 2026 playoff semifinals. Collard\u2019s 325 career games place him in a tie for 38<sup>th<\/sup> place in QMJHL history, and he amassed 197 points during that span. He will play for St. Thomas University in 2026\u201327.<\/p>\n<p><strong>Ma\u00ebl Lavigne<\/strong><br \/>\nLavigne was also acquired by the Armada in the summer of 2025 to help the team make a deep run in 2025\u201326. The Armada\u2019s journey ultimately ended in the semifinals. Lavigne had gone one step further the previous season with the Rimouski Oc\u00e9anic, reaching the Gilles-Courteau Trophy Final. The Oc\u00e9anic had previously acquired him from Victoriaville, where Lavigne spent nearly two seasons after being selected by the Drakkar in the fourth round of the 2021 QMJHL Draft. Altogether, with Baie-Comeau, Victoriaville, Rimouski and Blainville-Boisbriand, the 6&#8217;4&#8243;, 197-pound forward totaled 181 points in 315 games. He will join the University of Nebraska-Omaha next season.<\/p>\n<p><strong>Th\u00e9o Lemieux<\/strong><br \/>\nA fourth-round pick of the Rouyn-Noranda Huskies in 2021, Lemieux joined the Armada midway through the 2022\u201323 season and left a lasting mark on the franchise. His 223 games rank fourth in team history, while his 104 points rank fourth among defencemen, behind Xavier Villeneuve, Pascal Corbeil and Miguel Tourigny. Not the biggest player at 5&#8217;10&#8221; and 177 pounds, Lemieux was remarkably consistent in Blainville-Boisbriand, posting full-season totals of 32, 32 and 28 points. After a junior career that saw him collect 108 points in 248 games, Lemieux will play at Niagara University next season.<\/p>\n","protected":false},"excerpt":{"rendered":"<p>Throughout the summer, we\u2019ll be looking back at the QMJHL careers of our 20-year-old players, who will be moving on to new opportunities next season. Today, we feature the graduating players of the Blainville-Boisbriand Armada. Vincent Collard The third overall pick by the Baie-Comeau Drakkar in 2021, Collard spent two seasons in Baie-Comeau before being&hellip;<\/p>\n","protected":false},"author":501,"featured_media":337443,"comment_status":"closed","ping_status":"closed","sticky":false,"template":"","format":"article","meta":{"_acf_changed":false,"footnotes":""},"categories":[1786],"tags":[{"term_id":9628,"name":"Th\u00e9o Lemieux","slug":"theo-lemieux","term_group":0,"term_taxonomy_id":9629,"taxonomy":"post_tag","description":"","parent":0,"count":1,"filter":"raw","term_order":"2"},{"term_id":9629,"name":"Mael Lavigne","slug":"mael-lavigne","term_group":0,"term_taxonomy_id":9630,"taxonomy":"post_tag","description":"","parent":0,"count":1,"filter":"raw","term_order":"3"},{"term_id":9202,"name":"Blainville-Boisbriand Armada","slug":"blainville-boisbriand-armada","term_group":0,"term_taxonomy_id":9203,"taxonomy":"post_tag","description":"","parent":0,"count":74,"filter":"raw","term_order":"335"},{"term_id":5274,"name":"Our 20's","slug":"our-20s","term_group":0,"term_taxonomy_id":5275,"taxonomy":"post_tag","description":"","parent":0,"count":38,"filter":"raw","term_order":"1849"},{"term_id":1511,"name":"Vincent Collard","slug":"vincent-collard","term_group":0,"term_taxonomy_id":1541,"taxonomy":"post_tag","description":"","parent":0,"count":4,"filter":"raw","term_order":"2541"}],"class_list":["post-337442","post","type-post","status-publish","format-standard","has-post-thumbnail","hentry","category-article-en","tag-theo-lemieux","tag-mael-lavigne","tag-blainville-boisbriand-armada","tag-our-20s","tag-vincent-collard","category-1786","description-off"],"acf":[],"featured_image":["https:\/\/media.chl.ca\/wp-content\/uploads\/sites\/2\/2026\/08\/12102359\/Nos-20-ans-Blainville-Boisbriand-ENG.jpg",1920,1080,false],"hide_from_app_feed":false,"video":false,"gallery":null,"ht_game_id":0,"target_video":false,"_links":{"self":[{"href":"https:\/\/chl.ca\/lhjmq\/en\/wp-json\/wp\/v2\/posts\/337442","targetHints":{"allow":["GET"]}}],"collection":[{"href":"https:\/\/chl.ca\/lhjmq\/en\/wp-json\/wp\/v2\/posts"}],"about":[{"href":"https:\/\/chl.ca\/lhjmq\/en\/wp-json\/wp\/v2\/types\/post"}],"author":[{"embeddable":true,"href":"https:\/\/chl.ca\/lhjmq\/en\/wp-json\/wp\/v2\/users\/501"}],"replies":[{"embeddable":true,"href":"https:\/\/chl.ca\/lhjmq\/en\/wp-json\/wp\/v2\/comments?post=337442"}],"version-history":[{"count":1,"href":"https:\/\/chl.ca\/lhjmq\/en\/wp-json\/wp\/v2\/posts\/337442\/revisions"}],"predecessor-version":[{"id":337445,"href":"https:\/\/chl.ca\/lhjmq\/en\/wp-json\/wp\/v2\/posts\/337442\/revisions\/337445"}],"wp:featuredmedia":[{"embeddable":true,"href":"https:\/\/chl.ca\/lhjmq\/en\/wp-json\/wp\/v2\/media\/337443"}],"wp:attachment":[{"href":"https:\/\/chl.ca\/lhjmq\/en\/wp-json\/wp\/v2\/media?parent=337442"}],"wp:term":[{"taxonomy":"category","embeddable":true,"href":"https:\/\/chl.ca\/lhjmq\/en\/wp-json\/wp\/v2\/categories?post=337442"},{"taxonomy":"post_tag","embeddable":true,"href":"https:\/\/chl.ca\/lhjmq\/en\/wp-json\/wp\/v2\/tags?post=337442"}],"curies":[{"name":"wp","href":"https:\/\/api.w.org\/{rel}","templated":true}]}},{"id":337414,"date":"2026-08-11T09:32:42","date_gmt":"2026-08-11T13:32:42","guid":{"rendered":"https:\/\/chl.ca\/lhjmq\/?p=337414"},"modified":"2026-08-11T09:34:46","modified_gmt":"2026-08-11T13:34:46","slug":"our-20s-cape-breton-eagles-3","status":"publish","type":"post","link":"https:\/\/chl.ca\/lhjmq\/en\/article\/our-20s-cape-breton-eagles-3","title":{"rendered":"Our 20&#8217;s &#8211; Cape Breton Eagles"},"content":{"rendered":"<p>Throughout the summer, we\u2019ll be looking back at the QMJHL careers of our 20-year-old players, who will be moving on to new opportunities next season. Today, we feature the graduating players of the Cape Breton Eagles.<\/p>\n<p><strong>Lewis Gendron<\/strong><br \/>\nA seventh-round pick of the Sherbrooke Phoenix in 2021, Gendron returned to Magog in the U18 AAA ranks as a 16-year-old before playing collegiate hockey and earning a seven-game audition with the Phoenix at age 17. The following season, he established himself as a full-time QMJHL player, recording 23 goals and 44 points before being traded to Cape Breton midway through the 2024\u201325 season. Gendron saved his best for his 20-year-old season, posting a career-high 56 points, the highest total among the Eagles. The Sherbrooke native concludes his Q career with 145 points in 193 games, and should play for Concordia University next year.<\/p>\n<p><strong>F\u00e9lix Hamel<\/strong><br \/>\nAlso a seventh-round pick in 2021, selected by the Drakkar, Hamel suited up for Baie-Comeau, Shawinigan, Blainville-Boisbriand and Cape Breton during his 116-game QMJHL career. The 6&#8217;3&#8243; goaltender enjoyed his best season in 2024\u201325 with the Cataractes and Armada, posting 30 wins in 44 games along with four shutouts, a 2.63 goals-against average and a .914 save percentage. This season, he served as the Eagles\u2019 number-one goaltender, appearing in 38 games while recording a 2.93 goals-against average and a .899 save percentage. His academic and athletic journey will continue at the University of Ottawa in 2026\u201327.<\/p>\n<p><strong>Lucas Romeo<\/strong><br \/>\nInvited to the Charlottetown Islanders\u2019 training camp in 2022, Romeo spent a year and a half in Charlottetown before being traded to Cape Breton. The big Ontario native, standing 6&#8217;3&#8243; and weighing 206 pounds, quickly became a fan favourite with the Eagles thanks to his physical and hard-nosed style of play. Over his career, he recorded at least 15 goals and 30 points in three different seasons, finishing with 119 points in 238 junior games\u2014exactly 0.50 points per game. He also accumulated 317 penalty minutes. Romeo will play for the Rochester Institute of Technology (RIT) next season.<\/p>\n","protected":false},"excerpt":{"rendered":"<p>Throughout the summer, we\u2019ll be looking back at the QMJHL careers of our 20-year-old players, who will be moving on to new opportunities next season. Today, we feature the graduating players of the Cape Breton Eagles. Lewis Gendron A seventh-round pick of the Sherbrooke Phoenix in 2021, Gendron returned to Magog in the U18 AAA&hellip;<\/p>\n","protected":false},"author":501,"featured_media":337415,"comment_status":"closed","ping_status":"closed","sticky":false,"template":"","format":"article","meta":{"_acf_changed":false,"footnotes":""},"categories":[1786],"tags":[{"term_id":9627,"name":"Lucas Romeo","slug":"lucas-romeo","term_group":0,"term_taxonomy_id":9628,"taxonomy":"post_tag","description":"","parent":0,"count":1,"filter":"raw","term_order":"15"},{"term_id":1119,"name":"Cape Breton Eagles","slug":"cape-breton-eagles","term_group":0,"term_taxonomy_id":1140,"taxonomy":"post_tag","description":"","parent":0,"count":581,"filter":"raw","term_order":"419"},{"term_id":3429,"name":"Felix Hamel","slug":"felix-hamel","term_group":0,"term_taxonomy_id":3430,"taxonomy":"post_tag","description":"","parent":0,"count":3,"filter":"raw","term_order":"829"},{"term_id":6450,"name":"Lewis Gendron","slug":"lewis-gendron","term_group":0,"term_taxonomy_id":6451,"taxonomy":"post_tag","description":"","parent":0,"count":2,"filter":"raw","term_order":"1374"},{"term_id":5274,"name":"Our 20's","slug":"our-20s","term_group":0,"term_taxonomy_id":5275,"taxonomy":"post_tag","description":"","parent":0,"count":38,"filter":"raw","term_order":"1849"}],"class_list":["post-337414","post","type-post","status-publish","format-standard","has-post-thumbnail","hentry","category-article-en","tag-lucas-romeo","tag-cape-breton-eagles","tag-felix-hamel","tag-lewis-gendron","tag-our-20s","category-1786","description-off"],"acf":[],"featured_image":["https:\/\/media.chl.ca\/wp-content\/uploads\/sites\/2\/2026\/08\/11093408\/Nos-20-ans-Cap-Breton-ENG.jpg",1920,1080,false],"hide_from_app_feed":false,"video":false,"gallery":null,"ht_game_id":0,"target_video":false,"_links":{"self":[{"href":"https:\/\/chl.ca\/lhjmq\/en\/wp-json\/wp\/v2\/posts\/337414","targetHints":{"allow":["GET"]}}],"collection":[{"href":"https:\/\/chl.ca\/lhjmq\/en\/wp-json\/wp\/v2\/posts"}],"about":[{"href":"https:\/\/chl.ca\/lhjmq\/en\/wp-json\/wp\/v2\/types\/post"}],"author":[{"embeddable":true,"href":"https:\/\/chl.ca\/lhjmq\/en\/wp-json\/wp\/v2\/users\/501"}],"replies":[{"embeddable":true,"href":"https:\/\/chl.ca\/lhjmq\/en\/wp-json\/wp\/v2\/comments?post=337414"}],"version-history":[{"count":1,"href":"https:\/\/chl.ca\/lhjmq\/en\/wp-json\/wp\/v2\/posts\/337414\/revisions"}],"predecessor-version":[{"id":337417,"href":"https:\/\/chl.ca\/lhjmq\/en\/wp-json\/wp\/v2\/posts\/337414\/revisions\/337417"}],"wp:featuredmedia":[{"embeddable":true,"href":"https:\/\/chl.ca\/lhjmq\/en\/wp-json\/wp\/v2\/media\/337415"}],"wp:attachment":[{"href":"https:\/\/chl.ca\/lhjmq\/en\/wp-json\/wp\/v2\/media?parent=337414"}],"wp:term":[{"taxonomy":"category","embeddable":true,"href":"https:\/\/chl.ca\/lhjmq\/en\/wp-json\/wp\/v2\/categories?post=337414"},{"taxonomy":"post_tag","embeddable":true,"href":"https:\/\/chl.ca\/lhjmq\/en\/wp-json\/wp\/v2\/tags?post=337414"}],"curies":[{"name":"wp","href":"https:\/\/api.w.org\/{rel}","templated":true}]}}]