[{"id":38651,"date":"2026-04-08T08:55:12","date_gmt":"2026-04-08T12:55:12","guid":{"rendered":"https:\/\/chl.ca\/lhjmq-olympiques\/?p=38651"},"modified":"2026-04-08T08:55:12","modified_gmt":"2026-04-08T12:55:12","slug":"merci-a-nos-partisans-saison-2025-2026","status":"publish","type":"post","link":"https:\/\/chl.ca\/lhjmq-olympiques\/article\/merci-a-nos-partisans-saison-2025-2026","title":{"rendered":"MERCI \u00c0 NOS PARTISANS \u2013 SAISON 2025-2026"},"content":{"rendered":"<p data-start=\"139\" data-end=\"562\"><strong>GATINEAU<\/strong> &#8211; Au terme de cette saison 2025-2026, les Olympiques de Gatineau souhaitent adresser un immense merci \u00e0 tous ceux et celles qui ont \u00e9t\u00e9 \u00e0 nos c\u00f4t\u00e9s. Malgr\u00e9 une troisi\u00e8me ann\u00e9e difficile sur le plan des r\u00e9sultats, nous avons senti, plus que jamais, la passion et la fiert\u00e9 qui animent nos partisans. Votre \u00e9nergie, particuli\u00e8rement durant notre parcours \u00e9liminatoire, a port\u00e9 notre organisation et nos joueurs soir apr\u00e8s soir.<\/p>\n<p data-start=\"564\" data-end=\"896\">Nous tenons \u00e9galement \u00e0 remercier chaleureusement nos partenaires pour leur soutien ind\u00e9fectible, ainsi que tous nos employ\u00e9s, qui ont travaill\u00e9 avec rigueur et professionnalisme tout au long de l\u2019ann\u00e9e. Leur d\u00e9vouement contribue directement \u00e0 offrir une exp\u00e9rience de qualit\u00e9 \u00e0 nos partisans et \u00e0 faire rayonner notre organisation.<\/p>\n<p data-start=\"898\" data-end=\"1137\">La riche histoire des Olympiques vient avec une pression qui, pour nous, demeure un v\u00e9ritable privil\u00e8ge. Nous savons que nos partisans sont des passionn\u00e9s, des connaisseurs, et cette exigence \u00e9lev\u00e9e nous motive chaque jour \u00e0 nous d\u00e9passer.<\/p>\n<p data-start=\"1139\" data-end=\"1327\">Merci de croire en nous. Merci de faire partie de la grande famille des Olympiques. Nous continuerons \u00e0 travailler avec acharnement pour vous offrir une \u00e9quipe dont vous pouvez \u00eatre fiers.<\/p>\n<p data-start=\"1329\" data-end=\"1366\">\u00c0 bient\u00f4t au Centre Slush Puppie.<\/p>\n","protected":false},"excerpt":{"rendered":"<p>GATINEAU &#8211; Au terme de cette saison 2025-2026, les Olympiques de Gatineau souhaitent adresser un immense merci \u00e0 tous ceux et celles qui ont \u00e9t\u00e9 \u00e0 nos c\u00f4t\u00e9s. Malgr\u00e9 une troisi\u00e8me ann\u00e9e difficile sur le plan des r\u00e9sultats, nous avons senti, plus que jamais, la passion et la fiert\u00e9 qui animent nos partisans. Votre \u00e9nergie,&hellip;<\/p>\n","protected":false},"author":283,"featured_media":38652,"comment_status":"closed","ping_status":"closed","sticky":false,"template":"","format":"article","meta":{"_acf_changed":false,"footnotes":""},"categories":[204],"tags":false,"class_list":["post-38651","post","type-post","status-publish","format-standard","has-post-thumbnail","hentry","category-article","category-204","description-off"],"acf":[],"featured_image":["https:\/\/media.chl.ca\/wp-content\/uploads\/sites\/22\/2026\/04\/08085503\/OL_PLAYFOFFS2026_MERCI.jpg",1200,1500,false],"hide_from_app_feed":false,"video":false,"gallery":null,"ht_game_id":0,"target_video":false,"_links":{"self":[{"href":"https:\/\/chl.ca\/lhjmq-olympiques\/wp-json\/wp\/v2\/posts\/38651","targetHints":{"allow":["GET"]}}],"collection":[{"href":"https:\/\/chl.ca\/lhjmq-olympiques\/wp-json\/wp\/v2\/posts"}],"about":[{"href":"https:\/\/chl.ca\/lhjmq-olympiques\/wp-json\/wp\/v2\/types\/post"}],"author":[{"embeddable":true,"href":"https:\/\/chl.ca\/lhjmq-olympiques\/wp-json\/wp\/v2\/users\/283"}],"replies":[{"embeddable":true,"href":"https:\/\/chl.ca\/lhjmq-olympiques\/wp-json\/wp\/v2\/comments?post=38651"}],"version-history":[{"count":0,"href":"https:\/\/chl.ca\/lhjmq-olympiques\/wp-json\/wp\/v2\/posts\/38651\/revisions"}],"wp:featuredmedia":[{"embeddable":true,"href":"https:\/\/chl.ca\/lhjmq-olympiques\/wp-json\/wp\/v2\/media\/38652"}],"wp:attachment":[{"href":"https:\/\/chl.ca\/lhjmq-olympiques\/wp-json\/wp\/v2\/media?parent=38651"}],"wp:term":[{"taxonomy":"category","embeddable":true,"href":"https:\/\/chl.ca\/lhjmq-olympiques\/wp-json\/wp\/v2\/categories?post=38651"},{"taxonomy":"post_tag","embeddable":true,"href":"https:\/\/chl.ca\/lhjmq-olympiques\/wp-json\/wp\/v2\/tags?post=38651"}],"curies":[{"name":"wp","href":"https:\/\/api.w.org\/{rel}","templated":true}]}},{"id":38646,"date":"2026-04-05T10:45:05","date_gmt":"2026-04-05T14:45:05","guid":{"rendered":"https:\/\/chl.ca\/lhjmq-olympiques\/?p=38646"},"modified":"2026-04-05T10:45:05","modified_gmt":"2026-04-05T14:45:05","slug":"absence-indeterminee-pour-nicolas-petrut-5-avril-2026","status":"publish","type":"post","link":"https:\/\/chl.ca\/lhjmq-olympiques\/article\/absence-indeterminee-pour-nicolas-petrut-5-avril-2026","title":{"rendered":"Absence ind\u00e9termin\u00e9e pour Nicolas Petrut (5 avril 2026)"},"content":{"rendered":"<p><strong>GATINEAU<\/strong> &#8211; L\u2019organisation des Olympiques de Gatineau a annonc\u00e9 dimanche que l\u2019attaquant Nicolas Petrut sera absent pour une p\u00e9riode ind\u00e9termin\u00e9e en raison d\u2019une blessure au haut du corps.<\/p>\n<p>L\u2019attaquant de 19 ans a d\u00fb quitter le match cinq de la s\u00e9rie de premier tour du 3 avril dernier contre les Huskies \u00e0 Rouyn-Noranda.<\/p>\n<p>Son \u00e9tat de sant\u00e9 se r\u00e9\u00e9valu\u00e9 sur une base quotidienne.<\/p>\n<p>Petrut a disput\u00e9 cinq matchs depuis le d\u00e9but des s\u00e9ries \u00e9liminatoires, r\u00e9coltant 2 mentions d&rsquo;aide.<\/p>\n","protected":false},"excerpt":{"rendered":"<p>GATINEAU &#8211; L\u2019organisation des Olympiques de Gatineau a annonc\u00e9 dimanche que l\u2019attaquant Nicolas Petrut sera absent pour une p\u00e9riode ind\u00e9termin\u00e9e en raison d\u2019une blessure au haut du corps. L\u2019attaquant de 19 ans a d\u00fb quitter le match cinq de la s\u00e9rie de premier tour du 3 avril dernier contre les Huskies \u00e0 Rouyn-Noranda. Son \u00e9tat&hellip;<\/p>\n","protected":false},"author":283,"featured_media":38647,"comment_status":"closed","ping_status":"closed","sticky":false,"template":"","format":"article","meta":{"_acf_changed":false,"footnotes":""},"categories":[204],"tags":false,"class_list":["post-38646","post","type-post","status-publish","format-standard","has-post-thumbnail","hentry","category-article","category-204","description-off"],"acf":[],"featured_image":["https:\/\/media.chl.ca\/wp-content\/uploads\/sites\/22\/2026\/04\/05104433\/DSC_6449.jpg",2000,1333,false],"hide_from_app_feed":false,"video":false,"gallery":null,"ht_game_id":0,"target_video":false,"_links":{"self":[{"href":"https:\/\/chl.ca\/lhjmq-olympiques\/wp-json\/wp\/v2\/posts\/38646","targetHints":{"allow":["GET"]}}],"collection":[{"href":"https:\/\/chl.ca\/lhjmq-olympiques\/wp-json\/wp\/v2\/posts"}],"about":[{"href":"https:\/\/chl.ca\/lhjmq-olympiques\/wp-json\/wp\/v2\/types\/post"}],"author":[{"embeddable":true,"href":"https:\/\/chl.ca\/lhjmq-olympiques\/wp-json\/wp\/v2\/users\/283"}],"replies":[{"embeddable":true,"href":"https:\/\/chl.ca\/lhjmq-olympiques\/wp-json\/wp\/v2\/comments?post=38646"}],"version-history":[{"count":0,"href":"https:\/\/chl.ca\/lhjmq-olympiques\/wp-json\/wp\/v2\/posts\/38646\/revisions"}],"wp:featuredmedia":[{"embeddable":true,"href":"https:\/\/chl.ca\/lhjmq-olympiques\/wp-json\/wp\/v2\/media\/38647"}],"wp:attachment":[{"href":"https:\/\/chl.ca\/lhjmq-olympiques\/wp-json\/wp\/v2\/media?parent=38646"}],"wp:term":[{"taxonomy":"category","embeddable":true,"href":"https:\/\/chl.ca\/lhjmq-olympiques\/wp-json\/wp\/v2\/categories?post=38646"},{"taxonomy":"post_tag","embeddable":true,"href":"https:\/\/chl.ca\/lhjmq-olympiques\/wp-json\/wp\/v2\/tags?post=38646"}],"curies":[{"name":"wp","href":"https:\/\/api.w.org\/{rel}","templated":true}]}},{"id":38637,"date":"2026-03-16T13:29:47","date_gmt":"2026-03-16T17:29:47","guid":{"rendered":"https:\/\/chl.ca\/lhjmq-olympiques\/?p=38637"},"modified":"2026-03-16T13:29:47","modified_gmt":"2026-03-16T17:29:47","slug":"soiree-k-pop-au-centre-slush-puppie","status":"publish","type":"post","link":"https:\/\/chl.ca\/lhjmq-olympiques\/article\/soiree-k-pop-au-centre-slush-puppie","title":{"rendered":"Soir\u00e9e K-Pop au Centre Slush Puppie"},"content":{"rendered":"<p>Vendredi 20 mars \u00e0 19 h, les Olympiques re\u00e7oivent l\u2019<span class=\"html-span xdj266r x14z9mp xat24cr x1lziwak xexx8yu xyri2b x18d9i69 x1c1uobl x1hl2dhg x16tdsg8 x1vvkbs\"><a class=\"x1i10hfl xjbqb8w x1ejq31n x18oe1m7 x1sy0etr xstzfhl x972fbf x10w94by x1qhh985 x14e42zd x9f619 x1ypdohk xt0psk2 x3ct3a4 xdj266r x14z9mp xat24cr x1lziwak xexx8yu xyri2b x18d9i69 x1c1uobl x16tdsg8 x1hl2dhg xggy1nq x1a2a7pz xkrqix3 x1sur9pj x1fey0fg x1s688f\" role=\"link\" href=\"https:\/\/www.facebook.com\/ArmadaBLB?__cft__[0]=AZZ0vrS9iOKqNHPgsBmipnVZ537MBj2jUKhjcxZ2OeKYaFyWyA0rKeAMjoeHMWIp912J7xVPNCH_7ZrxcybwdzhRETYb2NtLPWJ-cQqLuzXkXn67BzA2ufWeFV24cESS0krk6xJ11gbUonjhsef7o83y5Xvjco08m8-n0lTvAu3_pRrcl7Ir-orAyrwKOOMJV6M&amp;__tn__=-]K-R\"><span class=\"xt0psk2\"><span class=\"xjp7ctv\">Armada de Blainville-Boisbriand<\/span><\/span><\/a><\/span> lors d\u2019une soir\u00e9e K-pop haute en couleur!<\/p>\n<p>Venez rencontrer Mira, Rumy et Zo\u00e9 d\u00e8s 18 h et plongez dans l\u2019ambiance avant la mise au jeu!<\/p>\n<p>D\u00e9roulement de la soir\u00e9e.<\/p>\n<p><em><strong>18h \u00e0 19h<\/strong> <\/em>&#8211; Prise de photos avec Mira, Rumy et Zo\u00e9.<\/p>\n<p><em><strong>Premier entracte<\/strong><\/em> &#8211; Performance des Huntrix.<\/p>\n<p>Vous pouvez vous procurer vos billets d\u00e8s aujourd&rsquo;hui <a href=\"https:\/\/billetterie.centreslushpuppie.com\/Online\/default.asp?doWork::WScontent::loadArticle=Load&amp;BOparam::WScontent::loadArticle::article_id=AD9622C2-BD2A-4329-8510-786654B1F6DE\">ici<\/a>.<\/p>\n","protected":false},"excerpt":{"rendered":"<p>Vendredi 20 mars \u00e0 19 h, les Olympiques re\u00e7oivent l\u2019Armada de Blainville-Boisbriand lors d\u2019une soir\u00e9e K-pop haute en couleur! Venez rencontrer Mira, Rumy et Zo\u00e9 d\u00e8s 18 h et plongez dans l\u2019ambiance avant la mise au jeu! D\u00e9roulement de la soir\u00e9e. 18h \u00e0 19h &#8211; Prise de photos avec Mira, Rumy et Zo\u00e9. Premier entracte&hellip;<\/p>\n","protected":false},"author":283,"featured_media":38638,"comment_status":"closed","ping_status":"closed","sticky":false,"template":"","format":"article","meta":{"_acf_changed":false,"footnotes":""},"categories":[204],"tags":false,"class_list":["post-38637","post","type-post","status-publish","format-standard","has-post-thumbnail","hentry","category-article","category-204","description-off"],"acf":[],"featured_image":["https:\/\/media.chl.ca\/wp-content\/uploads\/sites\/22\/2026\/03\/16132937\/OL_KPOP_1200x1500.jpg",1200,1500,false],"hide_from_app_feed":false,"video":false,"gallery":null,"ht_game_id":0,"target_video":false,"_links":{"self":[{"href":"https:\/\/chl.ca\/lhjmq-olympiques\/wp-json\/wp\/v2\/posts\/38637","targetHints":{"allow":["GET"]}}],"collection":[{"href":"https:\/\/chl.ca\/lhjmq-olympiques\/wp-json\/wp\/v2\/posts"}],"about":[{"href":"https:\/\/chl.ca\/lhjmq-olympiques\/wp-json\/wp\/v2\/types\/post"}],"author":[{"embeddable":true,"href":"https:\/\/chl.ca\/lhjmq-olympiques\/wp-json\/wp\/v2\/users\/283"}],"replies":[{"embeddable":true,"href":"https:\/\/chl.ca\/lhjmq-olympiques\/wp-json\/wp\/v2\/comments?post=38637"}],"version-history":[{"count":0,"href":"https:\/\/chl.ca\/lhjmq-olympiques\/wp-json\/wp\/v2\/posts\/38637\/revisions"}],"wp:featuredmedia":[{"embeddable":true,"href":"https:\/\/chl.ca\/lhjmq-olympiques\/wp-json\/wp\/v2\/media\/38638"}],"wp:attachment":[{"href":"https:\/\/chl.ca\/lhjmq-olympiques\/wp-json\/wp\/v2\/media?parent=38637"}],"wp:term":[{"taxonomy":"category","embeddable":true,"href":"https:\/\/chl.ca\/lhjmq-olympiques\/wp-json\/wp\/v2\/categories?post=38637"},{"taxonomy":"post_tag","embeddable":true,"href":"https:\/\/chl.ca\/lhjmq-olympiques\/wp-json\/wp\/v2\/tags?post=38637"}],"curies":[{"name":"wp","href":"https:\/\/api.w.org\/{rel}","templated":true}]}},{"id":38627,"date":"2026-03-08T12:10:27","date_gmt":"2026-03-08T16:10:27","guid":{"rendered":"https:\/\/chl.ca\/lhjmq-olympiques\/?p=38627"},"modified":"2026-03-08T12:10:27","modified_gmt":"2026-03-08T16:10:27","slug":"absence-indeterminee-pour-noah-florent-8-mars-2026","status":"publish","type":"post","link":"https:\/\/chl.ca\/lhjmq-olympiques\/article\/absence-indeterminee-pour-noah-florent-8-mars-2026","title":{"rendered":"Absence ind\u00e9termin\u00e9e pour Noah Florent ( 8 mars 2026)"},"content":{"rendered":"<p><strong>GATINEAU<\/strong> &#8211; L\u2019organisation des Olympiques de Gatineau a annonc\u00e9 dimanche que l\u2019attaquant Noah Florent sera absent pour une p\u00e9riode ind\u00e9termin\u00e9e en raison d\u2019une blessure au haut du corps.<\/p>\n<p>L\u2019attaquant de 17 ans a d\u00fb quitter le match du 4 mars septembre dernier contre les Cataractes \u00e0 Shawinigan.<\/p>\n<p>Son \u00e9tat de sant\u00e9 se r\u00e9\u00e9valu\u00e9 sur une base quotidienne.<\/p>\n<p>Florent a disput\u00e9 32 matchs depuis le d\u00e9but du calendrier 2025-2026, r\u00e9coltant 4 buts (3 mentions d&rsquo;aide).<\/p>\n","protected":false},"excerpt":{"rendered":"<p>GATINEAU &#8211; L\u2019organisation des Olympiques de Gatineau a annonc\u00e9 dimanche que l\u2019attaquant Noah Florent sera absent pour une p\u00e9riode ind\u00e9termin\u00e9e en raison d\u2019une blessure au haut du corps. L\u2019attaquant de 17 ans a d\u00fb quitter le match du 4 mars septembre dernier contre les Cataractes \u00e0 Shawinigan. Son \u00e9tat de sant\u00e9 se r\u00e9\u00e9valu\u00e9 sur une&hellip;<\/p>\n","protected":false},"author":283,"featured_media":38628,"comment_status":"closed","ping_status":"closed","sticky":false,"template":"","format":"article","meta":{"_acf_changed":false,"footnotes":""},"categories":[204],"tags":false,"class_list":["post-38627","post","type-post","status-publish","format-standard","has-post-thumbnail","hentry","category-article","category-204","description-off"],"acf":[],"featured_image":["https:\/\/media.chl.ca\/wp-content\/uploads\/sites\/22\/2026\/03\/08121003\/GAT_Florent-Noah_20252026_Action_1.jpg",2000,1333,false],"hide_from_app_feed":false,"video":false,"gallery":null,"ht_game_id":0,"target_video":false,"_links":{"self":[{"href":"https:\/\/chl.ca\/lhjmq-olympiques\/wp-json\/wp\/v2\/posts\/38627","targetHints":{"allow":["GET"]}}],"collection":[{"href":"https:\/\/chl.ca\/lhjmq-olympiques\/wp-json\/wp\/v2\/posts"}],"about":[{"href":"https:\/\/chl.ca\/lhjmq-olympiques\/wp-json\/wp\/v2\/types\/post"}],"author":[{"embeddable":true,"href":"https:\/\/chl.ca\/lhjmq-olympiques\/wp-json\/wp\/v2\/users\/283"}],"replies":[{"embeddable":true,"href":"https:\/\/chl.ca\/lhjmq-olympiques\/wp-json\/wp\/v2\/comments?post=38627"}],"version-history":[{"count":0,"href":"https:\/\/chl.ca\/lhjmq-olympiques\/wp-json\/wp\/v2\/posts\/38627\/revisions"}],"wp:featuredmedia":[{"embeddable":true,"href":"https:\/\/chl.ca\/lhjmq-olympiques\/wp-json\/wp\/v2\/media\/38628"}],"wp:attachment":[{"href":"https:\/\/chl.ca\/lhjmq-olympiques\/wp-json\/wp\/v2\/media?parent=38627"}],"wp:term":[{"taxonomy":"category","embeddable":true,"href":"https:\/\/chl.ca\/lhjmq-olympiques\/wp-json\/wp\/v2\/categories?post=38627"},{"taxonomy":"post_tag","embeddable":true,"href":"https:\/\/chl.ca\/lhjmq-olympiques\/wp-json\/wp\/v2\/tags?post=38627"}],"curies":[{"name":"wp","href":"https:\/\/api.w.org\/{rel}","templated":true}]}},{"id":38619,"date":"2026-03-04T11:08:27","date_gmt":"2026-03-04T16:08:27","guid":{"rendered":"https:\/\/chl.ca\/lhjmq-olympiques\/?p=38619"},"modified":"2026-03-04T11:08:27","modified_gmt":"2026-03-04T16:08:27","slug":"gatineau-accueillera-le-match-des-espoirs-lhjmq-presente-par-bfl-canada","status":"publish","type":"post","link":"https:\/\/chl.ca\/lhjmq-olympiques\/article\/gatineau-accueillera-le-match-des-espoirs-lhjmq-presente-par-bfl-canada","title":{"rendered":"Gatineau accueillera le Match des Espoirs LHJMQ pr\u00e9sent\u00e9 par BFL CANADA"},"content":{"rendered":"<p><strong>MONTR\u00c9AL<\/strong> &#8211; Apr\u00e8s Sherbrooke en octobre dernier, la LHJMQ est fi\u00e8re d\u2019annoncer que la Ville de Gatineau accueillera le prochain Match des Espoirs LHJMQ pr\u00e9sent\u00e9 par BFL CANADA.<\/p>\n<p>L\u2019\u00e9v\u00e9nement aura lieu le mercredi 28 octobre 2026, au Centre Slush Puppie, un amphith\u00e9\u00e2tre de 4080 si\u00e8ges inaugur\u00e9 en 2021.<\/p>\n<p>Pour sa deuxi\u00e8me \u00e9dition, le Match des Espoirs LHJMQ pr\u00e9sent\u00e9 par BFL CANADA mettra encore en vedette ses 40 meilleurs espoirs en vue du prochain Rep\u00eachage de la LNH, qui aura lieu en juin 2027. Ces joueurs auront pr\u00e9alablement \u00e9t\u00e9 choisis par la Centrale de recrutement de la LNH.<\/p>\n<p>\u00ab\u202fChez BFL CANADA, nous sommes fiers de nous associer \u00e0 la LHJMQ et de soutenir le Match des Espoirs, un \u00e9v\u00e9nement qui incarne parfaitement nos valeurs de collaboration, d\u2019int\u00e9grit\u00e9 et d\u2019excellence. Mettre en lumi\u00e8re la rel\u00e8ve du hockey et contribuer au d\u00e9veloppement de jeunes talents s\u2019inscrit naturellement dans notre engagement envers le sport, notre passion pour le hockey ainsi que notre implication aupr\u00e8s des communaut\u00e9s que nous servons \u00e0 travers le pays \u00bb, mentionne Barry F. Lorenzetti, chef de la direction, pr\u00e9sident du conseil d\u2019administration et fondateur de BFL CANADA.<\/p>\n<p>\u00ab Nous sommes extr\u00eamement honor\u00e9s que le Centre Slush Puppie soit choisi comme h\u00f4te du Match des Espoirs, dit le pr\u00e9sident du conseil d\u2019administration des Olympiques, Fran\u00e7ois Beaudry. C\u2019est un rendez-vous exceptionnel pour notre organisation, pour nos partisans et pour toute la r\u00e9gion. Nous sommes fiers d\u2019offrir \u00e0 ces jeunes joueurs une vitrine de qualit\u00e9 dans une ar\u00e9na de premier plan. \u00bb<\/p>\n<p>\u00ab Les Olympiques de Gatineau sont une concession historique et nous sommes tr\u00e8s contents de collaborer avec eux pour pr\u00e9senter ce prestigieux \u00e9v\u00e9nement, souligne le commissaire de la LHJMQ, Mario Cecchini. Le Centre Slush Puppie est une r\u00e9f\u00e9rence en mati\u00e8re d\u2019amphith\u00e9\u00e2tre dans notre ligue. Nous avons h\u00e2te que les partisans le d\u00e9couvrent ou le red\u00e9couvrent, en voyant en personne nos meilleurs espoirs de 2027! \u00bb<\/p>\n<p>En octobre dernier, \u00c9quipe Lafleur a eu le dessus sur \u00c9quipe Crosby 6-5, en tirs de barrage, sur un but gagnant de Maddox Dagenais, des Remparts de Qu\u00e9bec.<\/p>\n<p>Dagenais pourrait \u00eatre choisi en premi\u00e8re ronde au prochain Rep\u00eachage de la LNH, tout comme Xavier Villeneuve, de l\u2019Armada de Blainville-Boisbriand, Egor Shilov, des Tigres de Victoriaville, et Charlie Morrison, lui aussi des Remparts, qui ont tous particip\u00e9 au Match des Espoirs 2025 et qui font tous partie du Top 30 des meilleurs espoirs en Am\u00e9rique du Nord selon la Centrale de recrutement de la LNH.<\/p>\n<p>Les billets pour le Match des Espoirs LHJMQ 2026 pr\u00e9sent\u00e9 par BFL CANADA seront bient\u00f4t mis en vente sur le site Internet de la LHJMQ et des Olympiques de Gatineau.<\/p>\n<p>Venez voir et encourager les professionnels de demain, notamment Alexis Joseph, un attaquant des Sea Dogs de Saint John pressenti pour \u00eatre rep\u00each\u00e9 tr\u00e8s rapidement en 2027.<\/p>\n","protected":false},"excerpt":{"rendered":"<p>MONTR\u00c9AL &#8211; Apr\u00e8s Sherbrooke en octobre dernier, la LHJMQ est fi\u00e8re d\u2019annoncer que la Ville de Gatineau accueillera le prochain Match des Espoirs LHJMQ pr\u00e9sent\u00e9 par BFL CANADA. L\u2019\u00e9v\u00e9nement aura lieu le mercredi 28 octobre 2026, au Centre Slush Puppie, un amphith\u00e9\u00e2tre de 4080 si\u00e8ges inaugur\u00e9 en 2021. Pour sa deuxi\u00e8me \u00e9dition, le Match des&hellip;<\/p>\n","protected":false},"author":283,"featured_media":38620,"comment_status":"closed","ping_status":"closed","sticky":false,"template":"","format":"article","meta":{"_acf_changed":false,"footnotes":""},"categories":[204],"tags":false,"class_list":["post-38619","post","type-post","status-publish","format-standard","has-post-thumbnail","hentry","category-article","category-204","description-off"],"acf":[],"featured_image":["https:\/\/media.chl.ca\/wp-content\/uploads\/sites\/22\/2026\/03\/04110807\/Centre_Slush_Puppie.png",1188,719,false],"hide_from_app_feed":false,"video":false,"gallery":null,"ht_game_id":0,"target_video":false,"_links":{"self":[{"href":"https:\/\/chl.ca\/lhjmq-olympiques\/wp-json\/wp\/v2\/posts\/38619","targetHints":{"allow":["GET"]}}],"collection":[{"href":"https:\/\/chl.ca\/lhjmq-olympiques\/wp-json\/wp\/v2\/posts"}],"about":[{"href":"https:\/\/chl.ca\/lhjmq-olympiques\/wp-json\/wp\/v2\/types\/post"}],"author":[{"embeddable":true,"href":"https:\/\/chl.ca\/lhjmq-olympiques\/wp-json\/wp\/v2\/users\/283"}],"replies":[{"embeddable":true,"href":"https:\/\/chl.ca\/lhjmq-olympiques\/wp-json\/wp\/v2\/comments?post=38619"}],"version-history":[{"count":0,"href":"https:\/\/chl.ca\/lhjmq-olympiques\/wp-json\/wp\/v2\/posts\/38619\/revisions"}],"wp:featuredmedia":[{"embeddable":true,"href":"https:\/\/chl.ca\/lhjmq-olympiques\/wp-json\/wp\/v2\/media\/38620"}],"wp:attachment":[{"href":"https:\/\/chl.ca\/lhjmq-olympiques\/wp-json\/wp\/v2\/media?parent=38619"}],"wp:term":[{"taxonomy":"category","embeddable":true,"href":"https:\/\/chl.ca\/lhjmq-olympiques\/wp-json\/wp\/v2\/categories?post=38619"},{"taxonomy":"post_tag","embeddable":true,"href":"https:\/\/chl.ca\/lhjmq-olympiques\/wp-json\/wp\/v2\/tags?post=38619"}],"curies":[{"name":"wp","href":"https:\/\/api.w.org\/{rel}","templated":true}]}},{"id":38606,"date":"2026-02-25T09:30:12","date_gmt":"2026-02-25T14:30:12","guid":{"rendered":"https:\/\/chl.ca\/lhjmq-olympiques\/?p=38606"},"modified":"2026-02-25T09:30:12","modified_gmt":"2026-02-25T14:30:12","slug":"saison-terminee-pour-peter-legostaev","status":"publish","type":"post","link":"https:\/\/chl.ca\/lhjmq-olympiques\/article\/saison-terminee-pour-peter-legostaev","title":{"rendered":"Saison termin\u00e9e pour Peter Legostaev"},"content":{"rendered":"<p><strong>GATINEAU<\/strong> &#8211; Le directeur g\u00e9n\u00e9ral des Olympiques de Gatineau, Serge Beausoleil, a annonc\u00e9 mercredi que la saison de Peter Legostaev est termin\u00e9e.<\/p>\n<p>L&rsquo;attaquant de 18 ans est aux prises avec une blessure au haut du corps qui n\u00e9cessitera une intervention chirurgicale dans les prochaines semaines.<\/p>\n<p>Peter Legostaev a quitt\u00e9 le match du 20 f\u00e9vrier dernier \u00e0 Blainville Boisbriand apr\u00e8s avoir encaiss\u00e9 une mise en \u00e9chec.<\/p>\n<p>Lors de la saison 2025-2026, le jeune homme d&rsquo;Ottawa a r\u00e9colt\u00e9 16 points (8 buts et 8 mentions d&rsquo;aide) en 31 rencontres.<\/p>\n","protected":false},"excerpt":{"rendered":"<p>GATINEAU &#8211; Le directeur g\u00e9n\u00e9ral des Olympiques de Gatineau, Serge Beausoleil, a annonc\u00e9 mercredi que la saison de Peter Legostaev est termin\u00e9e. L&rsquo;attaquant de 18 ans est aux prises avec une blessure au haut du corps qui n\u00e9cessitera une intervention chirurgicale dans les prochaines semaines. Peter Legostaev a quitt\u00e9 le match du 20 f\u00e9vrier dernier&hellip;<\/p>\n","protected":false},"author":283,"featured_media":38607,"comment_status":"closed","ping_status":"closed","sticky":false,"template":"","format":"article","meta":{"_acf_changed":false,"footnotes":""},"categories":[204],"tags":false,"class_list":["post-38606","post","type-post","status-publish","format-standard","has-post-thumbnail","hentry","category-article","category-204","description-off"],"acf":[],"featured_image":["https:\/\/media.chl.ca\/wp-content\/uploads\/sites\/22\/2026\/02\/25092943\/GAT_Legostaev-Peter_20252026_Action_2-copie.jpg",2000,1333,false],"hide_from_app_feed":false,"video":false,"gallery":null,"ht_game_id":0,"target_video":false,"_links":{"self":[{"href":"https:\/\/chl.ca\/lhjmq-olympiques\/wp-json\/wp\/v2\/posts\/38606","targetHints":{"allow":["GET"]}}],"collection":[{"href":"https:\/\/chl.ca\/lhjmq-olympiques\/wp-json\/wp\/v2\/posts"}],"about":[{"href":"https:\/\/chl.ca\/lhjmq-olympiques\/wp-json\/wp\/v2\/types\/post"}],"author":[{"embeddable":true,"href":"https:\/\/chl.ca\/lhjmq-olympiques\/wp-json\/wp\/v2\/users\/283"}],"replies":[{"embeddable":true,"href":"https:\/\/chl.ca\/lhjmq-olympiques\/wp-json\/wp\/v2\/comments?post=38606"}],"version-history":[{"count":0,"href":"https:\/\/chl.ca\/lhjmq-olympiques\/wp-json\/wp\/v2\/posts\/38606\/revisions"}],"wp:featuredmedia":[{"embeddable":true,"href":"https:\/\/chl.ca\/lhjmq-olympiques\/wp-json\/wp\/v2\/media\/38607"}],"wp:attachment":[{"href":"https:\/\/chl.ca\/lhjmq-olympiques\/wp-json\/wp\/v2\/media?parent=38606"}],"wp:term":[{"taxonomy":"category","embeddable":true,"href":"https:\/\/chl.ca\/lhjmq-olympiques\/wp-json\/wp\/v2\/categories?post=38606"},{"taxonomy":"post_tag","embeddable":true,"href":"https:\/\/chl.ca\/lhjmq-olympiques\/wp-json\/wp\/v2\/tags?post=38606"}],"curies":[{"name":"wp","href":"https:\/\/api.w.org\/{rel}","templated":true}]}},{"id":38567,"date":"2026-02-02T13:02:55","date_gmt":"2026-02-02T18:02:55","guid":{"rendered":"https:\/\/chl.ca\/lhjmq-olympiques\/?p=38567"},"modified":"2026-02-02T13:02:55","modified_gmt":"2026-02-02T18:02:55","slug":"mise-a-jour-medicale-dalex-dagenais","status":"publish","type":"post","link":"https:\/\/chl.ca\/lhjmq-olympiques\/article\/mise-a-jour-medicale-dalex-dagenais","title":{"rendered":"Mise \u00e0 jour m\u00e9dicale d&rsquo;Alex Dagenais"},"content":{"rendered":"<p><strong>GATINEAU<\/strong> &#8211; Les Olympiques de Gatineau ont annonc\u00e9 lundi que l\u2019attaquant Alex Dagenais sera tenu \u00e0 l&rsquo;\u00e9cart du jeu en raison d\u2019une blessure au haut du corps.<\/p>\n<p>Dagenais sera r\u00e9\u00e9valu\u00e9 sur une base quotidienne et une mise \u00e0 jour sur son \u00e9tat de sant\u00e9 sera faite en moment opportun.<\/p>\n<p>En 33 matchs, le Gatinois a r\u00e9colt\u00e9 10 points (5 buts et 5 mentions d&rsquo;aide) cette saison.<\/p>\n","protected":false},"excerpt":{"rendered":"<p>GATINEAU &#8211; Les Olympiques de Gatineau ont annonc\u00e9 lundi que l\u2019attaquant Alex Dagenais sera tenu \u00e0 l&rsquo;\u00e9cart du jeu en raison d\u2019une blessure au haut du corps. Dagenais sera r\u00e9\u00e9valu\u00e9 sur une base quotidienne et une mise \u00e0 jour sur son \u00e9tat de sant\u00e9 sera faite en moment opportun. En 33 matchs, le Gatinois a&hellip;<\/p>\n","protected":false},"author":283,"featured_media":38568,"comment_status":"closed","ping_status":"closed","sticky":false,"template":"","format":"article","meta":{"_acf_changed":false,"footnotes":""},"categories":[204],"tags":false,"class_list":["post-38567","post","type-post","status-publish","format-standard","has-post-thumbnail","hentry","category-article","category-204","description-off"],"acf":[],"featured_image":["https:\/\/media.chl.ca\/wp-content\/uploads\/sites\/22\/2026\/02\/02130224\/GAT_Dagenais-Alex_20252026_Action_2.jpg",2000,1333,false],"hide_from_app_feed":false,"video":false,"gallery":null,"ht_game_id":0,"target_video":false,"_links":{"self":[{"href":"https:\/\/chl.ca\/lhjmq-olympiques\/wp-json\/wp\/v2\/posts\/38567","targetHints":{"allow":["GET"]}}],"collection":[{"href":"https:\/\/chl.ca\/lhjmq-olympiques\/wp-json\/wp\/v2\/posts"}],"about":[{"href":"https:\/\/chl.ca\/lhjmq-olympiques\/wp-json\/wp\/v2\/types\/post"}],"author":[{"embeddable":true,"href":"https:\/\/chl.ca\/lhjmq-olympiques\/wp-json\/wp\/v2\/users\/283"}],"replies":[{"embeddable":true,"href":"https:\/\/chl.ca\/lhjmq-olympiques\/wp-json\/wp\/v2\/comments?post=38567"}],"version-history":[{"count":0,"href":"https:\/\/chl.ca\/lhjmq-olympiques\/wp-json\/wp\/v2\/posts\/38567\/revisions"}],"wp:featuredmedia":[{"embeddable":true,"href":"https:\/\/chl.ca\/lhjmq-olympiques\/wp-json\/wp\/v2\/media\/38568"}],"wp:attachment":[{"href":"https:\/\/chl.ca\/lhjmq-olympiques\/wp-json\/wp\/v2\/media?parent=38567"}],"wp:term":[{"taxonomy":"category","embeddable":true,"href":"https:\/\/chl.ca\/lhjmq-olympiques\/wp-json\/wp\/v2\/categories?post=38567"},{"taxonomy":"post_tag","embeddable":true,"href":"https:\/\/chl.ca\/lhjmq-olympiques\/wp-json\/wp\/v2\/tags?post=38567"}],"curies":[{"name":"wp","href":"https:\/\/api.w.org\/{rel}","templated":true}]}},{"id":38553,"date":"2026-01-14T14:08:15","date_gmt":"2026-01-14T19:08:15","guid":{"rendered":"https:\/\/chl.ca\/lhjmq-olympiques\/?p=38553"},"modified":"2026-01-14T14:08:15","modified_gmt":"2026-01-14T19:08:15","slug":"serge-beausoleil-devient-entraineur-chef-par-interim","status":"publish","type":"post","link":"https:\/\/chl.ca\/lhjmq-olympiques\/article\/serge-beausoleil-devient-entraineur-chef-par-interim","title":{"rendered":"Serge Beausoleil devient entra\u00eeneur-chef par int\u00e9rim"},"content":{"rendered":"<p data-start=\"92\" data-end=\"145\"><strong data-start=\"92\" data-end=\"116\">COMMUNIQU\u00c9 DE PRESSE<\/strong><br data-start=\"116\" data-end=\"119\" \/><em data-start=\"119\" data-end=\"145\">Pour diffusion imm\u00e9diate<\/em><\/p>\n<p data-start=\"147\" data-end=\"230\"><strong data-start=\"147\" data-end=\"230\">Les Olympiques de Gatineau nomment Serge Beausoleil entra\u00eeneur-chef par int\u00e9rim<\/strong><\/p>\n<p data-start=\"232\" data-end=\"512\"><strong>GATINEAU<\/strong> \u2014 Les Olympiques de Gatineau annoncent la nomination de <strong data-start=\"308\" data-end=\"328\">Serge Beausoleil<\/strong> \u00e0 titre d\u2019<strong data-start=\"339\" data-end=\"370\">entra\u00eeneur-chef par int\u00e9rim<\/strong> de l\u2019\u00e9quipe pour la fin de la pr\u00e9sente saison. Cette d\u00e9cision a \u00e9t\u00e9 prise et ent\u00e9rin\u00e9e par le <strong data-start=\"465\" data-end=\"511\">conseil d\u2019administration de l\u2019organisation<\/strong>.<\/p>\n<p data-start=\"514\" data-end=\"741\">D\u00e9j\u00e0 directeur g\u00e9n\u00e9ral des Olympiques de Gatineau, Serge Beausoleil assumera ce r\u00f4le suppl\u00e9mentaire afin d\u2019assurer la stabilit\u00e9, la continuit\u00e9 et la coh\u00e9sion au sein du groupe hockey jusqu\u2019\u00e0 la conclusion de la saison en cours.<\/p>\n<p data-start=\"743\" data-end=\"1068\">\u00ab Le conseil d\u2019administration a pleinement confiance en l\u2019exp\u00e9rience, le leadership et la vision de Serge Beausoleil pour guider l\u2019\u00e9quipe durant cette p\u00e9riode, a indiqu\u00e9 le conseil d\u2019administration. Sa connaissance approfondie de l\u2019organisation et de notre alignement repr\u00e9sente un atout important pour la suite des choses. \u00bb<\/p>\n<p data-start=\"1070\" data-end=\"1303\">Serge Beausoleil poss\u00e8de une vaste exp\u00e9rience dans la Ligue de hockey junior Maritimes Qu\u00e9bec, tant comme dirigeant que comme b\u00e2tisseur d\u2019\u00e9quipe, et a \u00e9t\u00e9 impliqu\u00e9 directement dans le d\u00e9veloppement de nombreux joueurs au fil des ans.<\/p>\n<p data-start=\"1305\" data-end=\"1492\">L\u2019organisation des Olympiques de Gatineau poursuit parall\u00e8lement sa r\u00e9flexion quant \u00e0 la structure hockey \u00e0 plus long terme et communiquera toute information pertinente en temps opportun.<\/p>\n<p data-start=\"1494\" data-end=\"1585\">Les Olympiques de Gatineau tiennent \u00e0 remercier leurs partisans pour leur soutien constant.<\/p>\n<p data-start=\"1587\" data-end=\"1593\">\u2014 30 \u2014<\/p>\n<p data-start=\"1595\" data-end=\"1665\"><strong data-start=\"1595\" data-end=\"1607\">Source :<\/strong><br data-start=\"1607\" data-end=\"1610\" \/>Les Olympiques de Gatineau<br data-start=\"1636\" data-end=\"1639\" \/>Service des communications<\/p>\n","protected":false},"excerpt":{"rendered":"<p>COMMUNIQU\u00c9 DE PRESSEPour diffusion imm\u00e9diate Les Olympiques de Gatineau nomment Serge Beausoleil entra\u00eeneur-chef par int\u00e9rim GATINEAU \u2014 Les Olympiques de Gatineau annoncent la nomination de Serge Beausoleil \u00e0 titre d\u2019entra\u00eeneur-chef par int\u00e9rim de l\u2019\u00e9quipe pour la fin de la pr\u00e9sente saison. Cette d\u00e9cision a \u00e9t\u00e9 prise et ent\u00e9rin\u00e9e par le conseil d\u2019administration de l\u2019organisation. D\u00e9j\u00e0&hellip;<\/p>\n","protected":false},"author":283,"featured_media":37305,"comment_status":"closed","ping_status":"closed","sticky":false,"template":"","format":"article","meta":{"_acf_changed":false,"footnotes":""},"categories":[204],"tags":false,"class_list":["post-38553","post","type-post","status-publish","format-standard","has-post-thumbnail","hentry","category-article","category-204","description-off"],"acf":[],"featured_image":["https:\/\/media.chl.ca\/wp-content\/uploads\/sites\/22\/2024\/04\/10080419\/DSC_9156.jpg",1800,1200,false],"hide_from_app_feed":false,"video":false,"gallery":null,"ht_game_id":0,"target_video":false,"_links":{"self":[{"href":"https:\/\/chl.ca\/lhjmq-olympiques\/wp-json\/wp\/v2\/posts\/38553","targetHints":{"allow":["GET"]}}],"collection":[{"href":"https:\/\/chl.ca\/lhjmq-olympiques\/wp-json\/wp\/v2\/posts"}],"about":[{"href":"https:\/\/chl.ca\/lhjmq-olympiques\/wp-json\/wp\/v2\/types\/post"}],"author":[{"embeddable":true,"href":"https:\/\/chl.ca\/lhjmq-olympiques\/wp-json\/wp\/v2\/users\/283"}],"replies":[{"embeddable":true,"href":"https:\/\/chl.ca\/lhjmq-olympiques\/wp-json\/wp\/v2\/comments?post=38553"}],"version-history":[{"count":0,"href":"https:\/\/chl.ca\/lhjmq-olympiques\/wp-json\/wp\/v2\/posts\/38553\/revisions"}],"wp:featuredmedia":[{"embeddable":true,"href":"https:\/\/chl.ca\/lhjmq-olympiques\/wp-json\/wp\/v2\/media\/37305"}],"wp:attachment":[{"href":"https:\/\/chl.ca\/lhjmq-olympiques\/wp-json\/wp\/v2\/media?parent=38553"}],"wp:term":[{"taxonomy":"category","embeddable":true,"href":"https:\/\/chl.ca\/lhjmq-olympiques\/wp-json\/wp\/v2\/categories?post=38553"},{"taxonomy":"post_tag","embeddable":true,"href":"https:\/\/chl.ca\/lhjmq-olympiques\/wp-json\/wp\/v2\/tags?post=38553"}],"curies":[{"name":"wp","href":"https:\/\/api.w.org\/{rel}","templated":true}]}},{"id":38550,"date":"2026-01-13T13:30:17","date_gmt":"2026-01-13T18:30:17","guid":{"rendered":"https:\/\/chl.ca\/lhjmq-olympiques\/?p=38550"},"modified":"2026-01-13T13:30:17","modified_gmt":"2026-01-13T18:30:17","slug":"44-espoirs-lhjmq-sur-la-liste-de-mi-saison-en-vue-du-repechage-lnh-2026","status":"publish","type":"post","link":"https:\/\/chl.ca\/lhjmq-olympiques\/article\/44-espoirs-lhjmq-sur-la-liste-de-mi-saison-en-vue-du-repechage-lnh-2026","title":{"rendered":"44 espoirs LHJMQ sur la liste de mi-saison en vue du Rep\u00eachage LNH 2026"},"content":{"rendered":"<p>La Centrale de recrutement de la Ligue nationale de hockey a d\u00e9voil\u00e9 lundi soir son classement de mi-saison des espoirs en vue du Rep\u00eachage 2026 et on y retrouve 44 joueurs de la LHJMQ, soit 22 attaquants, 13 d\u00e9fenseurs et 9 gardiens de but.<\/p>\n<p>Du lot, quatre pourraient \u00eatre rep\u00each\u00e9s au premier tour si l\u2019on se fie au classement de la LNH en Am\u00e9rique du Nord. Il s\u2019agit du d\u00e9fenseur de l\u2019Armada de Blainville-Boisbriand, Xavier Villeneuve (15<sup>e<\/sup>), de l\u2019attaquant des Tigres de Victoriaville, Egor Shilov (17<sup>e<\/sup>), de l\u2019attaquant des Remparts de Qu\u00e9bec, Maddox Dagenais (18<sup>e<\/sup>) et du d\u00e9fenseur des Remparts, Charlie Morrison (29<sup>e<\/sup>).<\/p>\n<p>Tommy Bleyl, d\u00e9fenseur des Wildcats de Moncton (35<sup>e<\/sup>), et Lars Steiner, attaquant des Huskies de Rouyn-Noranda (61<sup>e<\/sup>), sont quant \u00e0 eux projet\u00e9s comme choix potentiels de deuxi\u00e8me ronde.<\/p>\n<p>Devant le filet, on retrouve trois gardiens de but de la LHJMQ dans le Top 10 en Am\u00e9rique du Nord, soit Jan Larys, des Voltigeurs de Drummondville (4<sup>e<\/sup>), William Lacelle, de l\u2019Armada de Blainville-Boisbriand (6<sup>e<\/sup>), et Danai Shaiikov, des Olympiques de Gatineau (9<sup>e<\/sup>).<\/p>\n<p>Les Sea Dogs de Saint John sont l\u2019\u00e9quipe de la LHJMQ la mieux repr\u00e9sent\u00e9e dans le classement de mi-saison de la LNH avec sept de leurs joueurs list\u00e9s, en commen\u00e7ant par l\u2019attaquant Olivers Murnieks, au 71<sup>e<\/sup>\u00a0rang. Les Tigres de Victoriaville, les Remparts de Qu\u00e9bec, les Wildcats de Moncton, les Mooseheads de Halifax et les Olympiques de Gatineau suivent avec quatre joueurs chacun.<\/p>\n<p>La S\u00e9ance de s\u00e9lection 2026 de la LNH aura lieu les 26 et 27 juin, \u00e0 Buffalo, dans l\u2019\u00e9tat de New York. Voici les joueurs de la LHJMQ figurant dans le second classement de la LNH :<\/p>\n<p>_<\/p>\n<p>15 | VILLENEUVE, Xavier \u2013 BLAINVILLE-BOISBRIAND \u2013 D<\/p>\n<p>17 | SHILOV, Egor \u2013 VICTORIAVILLE \u2013 C<\/p>\n<p>18 | DAGENAIS, Maddox \u2013 QU\u00c9BEC \u2013 C<\/p>\n<p>29 | MORRISON, Charlie \u2013 QU\u00c9BEC \u2013 D<\/p>\n<p>_<\/p>\n<p>35 | BLEYL, Tommy \u2013 MONCTON \u2013 D<\/p>\n<p>61 | STEINER, Lars \u2013 ROUYN-NORANDA \u2013 AD<\/p>\n<p>_<\/p>\n<p>66 | DOYLE, Eddy \u2013 HALIFAX \u2013 D<\/p>\n<p>68 | KULEBYAKIN, Oleg \u2013 HALIFAX \u2013 AG<\/p>\n<p>70 | LEFEBVRE, Liam \u2013 CHICOUTIMI \u2013 C<\/p>\n<p>71 | MURNIEKS, Olivers \u2013 SAINT JOHN \u2013 C<\/p>\n<p>81 | TOURNAS, Niko \u2013 MONCTON \u2013 AD<\/p>\n<p>90 | CHUDZINSKI, Rian \u2013 MONCTON \u2013 AD<\/p>\n<p>92 | TAILLEFER, Alexandre \u2013 QU\u00c9BEC \u2013 D<\/p>\n<p>95 | CHARTRAND, Cameron \u2013 SAINT JOHN \u2013 D<\/p>\n<p>_<\/p>\n<p>97 | ROUSSEAU, Thomas \u2013 SHERBROOKE \u2013 C<\/p>\n<p>102 | OVCHAROV, Nikita \u2013 QU\u00c9BEC \u2013 AG<\/p>\n<p>108 | VLASOV, Aleksei \u2013 VICTORIAVILLE \u2013 AG<\/p>\n<p>113 | DUMONT, Dylan \u2013 DRUMMONDVILLE \u2013 AD<\/p>\n<p>116 | COSSETTE AYOTTE, Benjamin \u2013 VAL-D\u2019OR \u2013 D<\/p>\n<p>122 | LITALIEN, Romain \u2013 CAP-BRETON \u2013 AD<\/p>\n<p>123 | BOURQUE, Louis-F\u00e9lix \u2013 DRUMMONDVILLE \u2013 AD<\/p>\n<p>_<\/p>\n<p>129 | VOIAGA, Nikita \u2013 CHARLOTTETOWN \u2013 D<\/p>\n<p><strong>131 | MYLOSERDNYY, Michel \u2013 GATINEAU \u2013 D<\/strong><\/p>\n<p><strong>140 | LEGOSTAEV, Peter \u2013 GATINEAU \u2013 AD<\/strong><\/p>\n<p>145 | HOULE, Florent \u2013 SHERBROOKE \u2013 AD<\/p>\n<p>147 | WALTERS, Daniel \u2013 HALIFAX \u2013 C<\/p>\n<p>153 | FORTIN, Alexis \u2013 VAL-D\u2019OR \u2013 D<\/p>\n<p>_<\/p>\n<p>161 | ROZZI, Dylan \u2013 SAINT JOHN \u2013 AG<\/p>\n<p>163 | YARED, William \u2013 SAINT JOHN \u2013 C<\/p>\n<p>171 | LANGLOIS, Tristan \u2013 ROUYN-NORANDA \u2013 D<\/p>\n<p>173 | RICARD, \u00c9mile \u2013 CHICOUTIMI \u2013 AG<\/p>\n<p>174 | KORNEYEV, Korney \u2013 VICTORIAVILLE \u2013 AD<\/p>\n<p>181 | MAGNUSSON, Carl-Otto \u2013 SAINT JOHN \u2013 D<\/p>\n<p><strong>186 | CYR, Simon-Xavier \u2013 GATINEAU \u2013 C<\/strong><\/p>\n<p>_<\/p>\n<p>204 | DAMPHOUSSE, Bo \u2013 SAINT JOHN \u2013 D<\/p>\n<p>\/\/\/\/\/<\/p>\n<p>4 | LARYS, Jan \u2013 DRUMMONDVILLE \u2013 G<\/p>\n<p>6 | LACELLE, William \u2013 BLAINVILLE-BOISBRIAND \u2013 G<\/p>\n<p><strong>9 | SHAIIKOV, Danai \u2013 GATINEAU \u2013 G<\/strong><\/p>\n<p>18 | KITCHENER, Dayton \u2013 RIMOUSKI \u2013 G<\/p>\n<p>20 | GILLHAM-CIRKA, Nicolas \u2013 HALIFAX \u2013 G<\/p>\n<p>27 | COURCHESNE, Rafa\u00ebl \u2013 SAINT JOHN \u2013 G<\/p>\n<p>30 | RAYMOND, Alexandre \u2013 ROUYN-NORANDA \u2013 G<\/p>\n<p>31 | CATANZARITI, Anthony \u2013 VICTORIAVILLE \u2013 G<\/p>\n<p>37 | WEINER, Jacoby \u2013 MONCTON \u2013 G<\/p>\n<p>_<\/p>\n<p><a href=\"https:\/\/media.nhl.com\/site\/vasset\/public\/attachments\/2026\/01\/19452\/2026%20NHL%20CS%20Midterm%20Rankings%20-%20NA%20Skaters.pdf\"><strong>Liste compl\u00e8te des patineurs nord-am\u00e9ricains<\/strong><\/a><\/p>\n<p><strong><a href=\"https:\/\/media.nhl.com\/site\/vasset\/public\/attachments\/2026\/01\/19452\/2026%20NHL%20CS%20Midterm%20Rankings%20-%20NA%20Goalies.pdf\">Liste compl\u00e8te des gardiens nord-am\u00e9ricains<\/a><\/strong><\/p>\n","protected":false},"excerpt":{"rendered":"<p>La Centrale de recrutement de la Ligue nationale de hockey a d\u00e9voil\u00e9 lundi soir son classement de mi-saison des espoirs en vue du Rep\u00eachage 2026 et on y retrouve 44 joueurs de la LHJMQ, soit 22 attaquants, 13 d\u00e9fenseurs et 9 gardiens de but. Du lot, quatre pourraient \u00eatre rep\u00each\u00e9s au premier tour si l\u2019on&hellip;<\/p>\n","protected":false},"author":283,"featured_media":38551,"comment_status":"closed","ping_status":"closed","sticky":false,"template":"","format":"article","meta":{"_acf_changed":false,"footnotes":""},"categories":[204],"tags":false,"class_list":["post-38550","post","type-post","status-publish","format-standard","has-post-thumbnail","hentry","category-article","category-204","description-off"],"acf":[],"featured_image":["https:\/\/media.chl.ca\/wp-content\/uploads\/sites\/22\/2026\/01\/13133005\/2elistelnh26-scaled-1.jpg",2560,1440,false],"hide_from_app_feed":false,"video":false,"gallery":null,"ht_game_id":0,"target_video":false,"_links":{"self":[{"href":"https:\/\/chl.ca\/lhjmq-olympiques\/wp-json\/wp\/v2\/posts\/38550","targetHints":{"allow":["GET"]}}],"collection":[{"href":"https:\/\/chl.ca\/lhjmq-olympiques\/wp-json\/wp\/v2\/posts"}],"about":[{"href":"https:\/\/chl.ca\/lhjmq-olympiques\/wp-json\/wp\/v2\/types\/post"}],"author":[{"embeddable":true,"href":"https:\/\/chl.ca\/lhjmq-olympiques\/wp-json\/wp\/v2\/users\/283"}],"replies":[{"embeddable":true,"href":"https:\/\/chl.ca\/lhjmq-olympiques\/wp-json\/wp\/v2\/comments?post=38550"}],"version-history":[{"count":0,"href":"https:\/\/chl.ca\/lhjmq-olympiques\/wp-json\/wp\/v2\/posts\/38550\/revisions"}],"wp:featuredmedia":[{"embeddable":true,"href":"https:\/\/chl.ca\/lhjmq-olympiques\/wp-json\/wp\/v2\/media\/38551"}],"wp:attachment":[{"href":"https:\/\/chl.ca\/lhjmq-olympiques\/wp-json\/wp\/v2\/media?parent=38550"}],"wp:term":[{"taxonomy":"category","embeddable":true,"href":"https:\/\/chl.ca\/lhjmq-olympiques\/wp-json\/wp\/v2\/categories?post=38550"},{"taxonomy":"post_tag","embeddable":true,"href":"https:\/\/chl.ca\/lhjmq-olympiques\/wp-json\/wp\/v2\/tags?post=38550"}],"curies":[{"name":"wp","href":"https:\/\/api.w.org\/{rel}","templated":true}]}},{"id":38549,"date":"2026-01-12T17:30:57","date_gmt":"2026-01-12T22:30:57","guid":{"rendered":"https:\/\/chl.ca\/lhjmq-olympiques\/?p=38549"},"modified":"2026-01-12T17:30:57","modified_gmt":"2026-01-12T22:30:57","slug":"les-olympiques-annoncent-un-changement-derriere-le-banc","status":"publish","type":"post","link":"https:\/\/chl.ca\/lhjmq-olympiques\/article\/les-olympiques-annoncent-un-changement-derriere-le-banc","title":{"rendered":"Les Olympiques annoncent un changement derri\u00e8re le banc"},"content":{"rendered":"<p style=\"text-align: left\"><strong>GATINEAU<\/strong> \u2014 Les Olympiques de Gatineau annoncent que l\u2019organisation a pris la d\u00e9cision de relever Alexis Loiseau de ses fonctions d\u2019entra\u00eeneur-chef de l\u2019\u00e9quipe.<br \/>\nCette annonce a \u00e9t\u00e9 faite par le directeur g\u00e9n\u00e9ral des Olympiques, Serge Beausoleil.<\/p>\n<p style=\"text-align: left\">\u00ab Apr\u00e8s une \u00e9valuation approfondie de la situation hockey de l\u2019\u00e9quipe, nous avons jug\u00e9 qu\u2019un changement derri\u00e8re le banc \u00e9tait n\u00e9cessaire \u00e0 ce stade-ci \u00bb, a indiqu\u00e9 Serge Beausoleil. \u00ab Alexis a travaill\u00e9 avec professionnalisme et engagement depuis son arriv\u00e9e, et nous tenons \u00e0 le remercier sinc\u00e8rement pour sa contribution \u00e0 l\u2019organisation. \u00bb<\/p>\n<p style=\"text-align: left\">Alexis Loiseau \u00e9tait en poste \u00e0 titre d\u2019entra\u00eeneur-chef des Olympiques de Gatineau depuis la saison 2024-2025.<br \/>\nL\u2019organisation communiquera ult\u00e9rieurement les d\u00e9tails concernant la suite du processus et la nomination de la personne qui assurera l\u2019int\u00e9rim ou qui sera appel\u00e9e \u00e0 diriger l\u2019\u00e9quipe.<\/p>\n<p style=\"text-align: left\">Les Olympiques de Gatineau remercient Alexis Loiseau pour son d\u00e9vouement et lui souhaitent le meilleur des succ\u00e8s pour la suite de sa carri\u00e8re.<\/p>\n<p style=\"text-align: left\">\u2014 30 \u2014<\/p>\n","protected":false},"excerpt":{"rendered":"<p>GATINEAU \u2014 Les Olympiques de Gatineau annoncent que l\u2019organisation a pris la d\u00e9cision de relever Alexis Loiseau de ses fonctions d\u2019entra\u00eeneur-chef de l\u2019\u00e9quipe. Cette annonce a \u00e9t\u00e9 faite par le directeur g\u00e9n\u00e9ral des Olympiques, Serge Beausoleil. \u00ab Apr\u00e8s une \u00e9valuation approfondie de la situation hockey de l\u2019\u00e9quipe, nous avons jug\u00e9 qu\u2019un changement derri\u00e8re le banc&hellip;<\/p>\n","protected":false},"author":283,"featured_media":38545,"comment_status":"closed","ping_status":"closed","sticky":false,"template":"","format":"article","meta":{"_acf_changed":false,"footnotes":""},"categories":[204],"tags":false,"class_list":["post-38549","post","type-post","status-publish","format-standard","has-post-thumbnail","hentry","category-article","category-204","description-off"],"acf":[],"featured_image":["https:\/\/media.chl.ca\/wp-content\/uploads\/sites\/22\/2026\/01\/12165012\/DSC_9643.jpg",2000,1333,false],"hide_from_app_feed":false,"video":false,"gallery":null,"ht_game_id":0,"target_video":false,"_links":{"self":[{"href":"https:\/\/chl.ca\/lhjmq-olympiques\/wp-json\/wp\/v2\/posts\/38549","targetHints":{"allow":["GET"]}}],"collection":[{"href":"https:\/\/chl.ca\/lhjmq-olympiques\/wp-json\/wp\/v2\/posts"}],"about":[{"href":"https:\/\/chl.ca\/lhjmq-olympiques\/wp-json\/wp\/v2\/types\/post"}],"author":[{"embeddable":true,"href":"https:\/\/chl.ca\/lhjmq-olympiques\/wp-json\/wp\/v2\/users\/283"}],"replies":[{"embeddable":true,"href":"https:\/\/chl.ca\/lhjmq-olympiques\/wp-json\/wp\/v2\/comments?post=38549"}],"version-history":[{"count":0,"href":"https:\/\/chl.ca\/lhjmq-olympiques\/wp-json\/wp\/v2\/posts\/38549\/revisions"}],"wp:featuredmedia":[{"embeddable":true,"href":"https:\/\/chl.ca\/lhjmq-olympiques\/wp-json\/wp\/v2\/media\/38545"}],"wp:attachment":[{"href":"https:\/\/chl.ca\/lhjmq-olympiques\/wp-json\/wp\/v2\/media?parent=38549"}],"wp:term":[{"taxonomy":"category","embeddable":true,"href":"https:\/\/chl.ca\/lhjmq-olympiques\/wp-json\/wp\/v2\/categories?post=38549"},{"taxonomy":"post_tag","embeddable":true,"href":"https:\/\/chl.ca\/lhjmq-olympiques\/wp-json\/wp\/v2\/tags?post=38549"}],"curies":[{"name":"wp","href":"https:\/\/api.w.org\/{rel}","templated":true}]}}]