[{"id":33759,"date":"2026-09-03T08:46:14","date_gmt":"2026-09-03T12:46:14","guid":{"rendered":"https:\/\/chl.ca\/lhjmq-eagles\/?p=33759"},"modified":"2026-09-03T08:51:46","modified_gmt":"2026-09-03T12:51:46","slug":"roster-moves-sept-3-2026","status":"publish","type":"post","link":"https:\/\/chl.ca\/lhjmq-eagles\/article\/roster-moves-sept-3-2026","title":{"rendered":"Roster Moves (Sept. 3, 2026)"},"content":{"rendered":"<p><strong>SEP. 3, 2026 \u2013<\/strong> The Cape Breton Eagles GM Sylvain Couturier has announced three roster moves.<\/p>\n<p>Andrew Migliore (Free Agent) been reassigned from camp, CJ Sawyer (3rd Round, 2026) has elected to go back to Prep School and recently acquired Forward Zakary Savoie has been assigned to the Campbellton Tigers in the MJAHL.<\/p>\n","protected":false},"excerpt":{"rendered":"<p>SEP. 3, 2026 \u2013 The Cape Breton Eagles GM Sylvain Couturier has announced three roster moves. Andrew Migliore (Free Agent) been reassigned from camp, CJ Sawyer (3rd Round, 2026) has elected to go back to Prep School and recently acquired Forward Zakary Savoie has been assigned to the Campbellton Tigers in the MJAHL.<\/p>\n","protected":false},"author":267,"featured_media":33760,"comment_status":"closed","ping_status":"closed","sticky":false,"template":"","format":"article","meta":{"_acf_changed":false,"footnotes":""},"categories":[86],"tags":false,"class_list":["post-33759","post","type-post","status-publish","format-standard","has-post-thumbnail","hentry","category-article","category-86","description-off"],"acf":[],"featured_image":["https:\/\/media.chl.ca\/wp-content\/uploads\/sites\/16\/2026\/09\/03084555\/Ru-2.jpg",1080,1350,false],"hide_from_app_feed":false,"video":false,"gallery":null,"ht_game_id":0,"target_video":false,"_links":{"self":[{"href":"https:\/\/chl.ca\/lhjmq-eagles\/wp-json\/wp\/v2\/posts\/33759","targetHints":{"allow":["GET"]}}],"collection":[{"href":"https:\/\/chl.ca\/lhjmq-eagles\/wp-json\/wp\/v2\/posts"}],"about":[{"href":"https:\/\/chl.ca\/lhjmq-eagles\/wp-json\/wp\/v2\/types\/post"}],"author":[{"embeddable":true,"href":"https:\/\/chl.ca\/lhjmq-eagles\/wp-json\/wp\/v2\/users\/267"}],"replies":[{"embeddable":true,"href":"https:\/\/chl.ca\/lhjmq-eagles\/wp-json\/wp\/v2\/comments?post=33759"}],"version-history":[{"count":3,"href":"https:\/\/chl.ca\/lhjmq-eagles\/wp-json\/wp\/v2\/posts\/33759\/revisions"}],"predecessor-version":[{"id":33763,"href":"https:\/\/chl.ca\/lhjmq-eagles\/wp-json\/wp\/v2\/posts\/33759\/revisions\/33763"}],"wp:featuredmedia":[{"embeddable":true,"href":"https:\/\/chl.ca\/lhjmq-eagles\/wp-json\/wp\/v2\/media\/33760"}],"wp:attachment":[{"href":"https:\/\/chl.ca\/lhjmq-eagles\/wp-json\/wp\/v2\/media?parent=33759"}],"wp:term":[{"taxonomy":"category","embeddable":true,"href":"https:\/\/chl.ca\/lhjmq-eagles\/wp-json\/wp\/v2\/categories?post=33759"},{"taxonomy":"post_tag","embeddable":true,"href":"https:\/\/chl.ca\/lhjmq-eagles\/wp-json\/wp\/v2\/tags?post=33759"}],"curies":[{"name":"wp","href":"https:\/\/api.w.org\/{rel}","templated":true}]}},{"id":33755,"date":"2026-09-02T08:44:16","date_gmt":"2026-09-02T12:44:16","guid":{"rendered":"https:\/\/chl.ca\/lhjmq-eagles\/?p=33755"},"modified":"2026-09-02T08:44:16","modified_gmt":"2026-09-02T12:44:16","slug":"roster-moves-september-2nd-2026","status":"publish","type":"post","link":"https:\/\/chl.ca\/lhjmq-eagles\/article\/roster-moves-september-2nd-2026","title":{"rendered":"Roster Moves (September 2nd, 2026)"},"content":{"rendered":"<p><strong>SEP. 2, 2026 \u2013<\/strong> The Cape Breton Eagles have announced a series of changes to their 2026 Training Camp roster, as General Manager Sylvain Couturier has reassigned 13 players.<\/p>\n<p><strong>The following players have been reassigned from camp:<\/strong><\/p>\n<ul>\n<li data-section-id=\"ofpeuh\" data-start=\"28\" data-end=\"76\">Owen Burke (11th round, 192nd overall, 2025)<\/li>\n<li data-section-id=\"1298n3z\" data-start=\"77\" data-end=\"127\">Mason Cook (8th round, 140th overall, 2024)<\/li>\n<li>Riley Creelman (13th round, 219th overall, 2024)<\/li>\n<li data-section-id=\"1obpm1f\" data-start=\"128\" data-end=\"174\">Mavrick Dufour (Free Agent)<\/li>\n<li data-section-id=\"19aojkj\" data-start=\"175\" data-end=\"229\">\u00c9tienne Dup\u00e9r\u00e9 (Trade, VIC)<\/li>\n<li>Tanner Hayden (Trade, RIM)<\/li>\n<li data-section-id=\"h8tigw\" data-start=\"230\" data-end=\"280\">Cooper Ludwar (Free Agent)<\/li>\n<li data-section-id=\"1fozj7b\" data-start=\"281\" data-end=\"330\">Evan Lyver (8th round, 138th overall, 2025)<\/li>\n<li data-section-id=\"1kermeb\" data-start=\"331\" data-end=\"358\">Charlie MacLeod (4th round, 70th overall, 2025)<\/li>\n<li data-section-id=\"18blp41\" data-start=\"359\" data-end=\"385\">Alexis No\u00ebl (10th round, 170th overall, 2026)<\/li>\n<li data-section-id=\"2vdz9s\" data-start=\"386\" data-end=\"412\">Samuel Nowlan (2nd round, 28th overall, 2026)<\/li>\n<li data-section-id=\"1hsxe49\" data-start=\"413\" data-end=\"458\">Jordan Rittenberg (Trade, CHI)<\/li>\n<li data-section-id=\"dmksoc\" data-start=\"459\" data-end=\"507\">Gavin Smith (Free Agent)<\/li>\n<\/ul>\n","protected":false},"excerpt":{"rendered":"<p>SEP. 2, 2026 \u2013 The Cape Breton Eagles have announced a series of changes to their 2026 Training Camp roster, as General Manager Sylvain Couturier has reassigned 13 players. The following players have been reassigned from camp: Owen Burke (11th round, 192nd overall, 2025) Mason Cook (8th round, 140th overall, 2024) Riley Creelman (13th round,&hellip;<\/p>\n","protected":false},"author":267,"featured_media":33756,"comment_status":"closed","ping_status":"closed","sticky":false,"template":"","format":"article","meta":{"_acf_changed":false,"footnotes":""},"categories":[86],"tags":false,"class_list":["post-33755","post","type-post","status-publish","format-standard","has-post-thumbnail","hentry","category-article","category-86","description-off"],"acf":[],"featured_image":["https:\/\/media.chl.ca\/wp-content\/uploads\/sites\/16\/2026\/09\/02084404\/Ru-1.jpg",1080,1350,false],"hide_from_app_feed":false,"video":false,"gallery":null,"ht_game_id":0,"target_video":false,"_links":{"self":[{"href":"https:\/\/chl.ca\/lhjmq-eagles\/wp-json\/wp\/v2\/posts\/33755","targetHints":{"allow":["GET"]}}],"collection":[{"href":"https:\/\/chl.ca\/lhjmq-eagles\/wp-json\/wp\/v2\/posts"}],"about":[{"href":"https:\/\/chl.ca\/lhjmq-eagles\/wp-json\/wp\/v2\/types\/post"}],"author":[{"embeddable":true,"href":"https:\/\/chl.ca\/lhjmq-eagles\/wp-json\/wp\/v2\/users\/267"}],"replies":[{"embeddable":true,"href":"https:\/\/chl.ca\/lhjmq-eagles\/wp-json\/wp\/v2\/comments?post=33755"}],"version-history":[{"count":1,"href":"https:\/\/chl.ca\/lhjmq-eagles\/wp-json\/wp\/v2\/posts\/33755\/revisions"}],"predecessor-version":[{"id":33757,"href":"https:\/\/chl.ca\/lhjmq-eagles\/wp-json\/wp\/v2\/posts\/33755\/revisions\/33757"}],"wp:featuredmedia":[{"embeddable":true,"href":"https:\/\/chl.ca\/lhjmq-eagles\/wp-json\/wp\/v2\/media\/33756"}],"wp:attachment":[{"href":"https:\/\/chl.ca\/lhjmq-eagles\/wp-json\/wp\/v2\/media?parent=33755"}],"wp:term":[{"taxonomy":"category","embeddable":true,"href":"https:\/\/chl.ca\/lhjmq-eagles\/wp-json\/wp\/v2\/categories?post=33755"},{"taxonomy":"post_tag","embeddable":true,"href":"https:\/\/chl.ca\/lhjmq-eagles\/wp-json\/wp\/v2\/tags?post=33755"}],"curies":[{"name":"wp","href":"https:\/\/api.w.org\/{rel}","templated":true}]}},{"id":33719,"date":"2026-08-24T16:47:07","date_gmt":"2026-08-24T20:47:07","guid":{"rendered":"https:\/\/chl.ca\/lhjmq-eagles\/?p=33719"},"modified":"2026-08-25T08:35:20","modified_gmt":"2026-08-25T12:35:20","slug":"eagles-deal-hugo-charron-to-islanders","status":"publish","type":"post","link":"https:\/\/chl.ca\/lhjmq-eagles\/article\/eagles-deal-hugo-charron-to-islanders","title":{"rendered":"Eagles deal Hugo Charron to Islanders"},"content":{"rendered":"<p><strong>August 24th 2026<\/strong> \u2013 The Cape Breton Eagles have traded Forward Hugo Charron to the Charlottetown Islanders in exchange for a 2028 3rd Round Pick &amp; a 2028 8th Round Pick.<\/p>\n<p>Charron (08) was drafted 67th overall by the Cape Breton Eagles in the 2024 QMJHL Draft. In his rookie season in 2025-26 he played 48 games, totaling 4 goals and 5 assists.<\/p>\n<p>&nbsp;<\/p>\n<p>Thank you Hugo, for all the laughs and all the memories last season and we wish you the best of luck going forward.<\/p>\n<p><img loading=\"lazy\" decoding=\"async\" class=\"alignleft wp-image-33722 size-large\" src=\"https:\/\/media.chl.ca\/wp-content\/uploads\/sites\/16\/2026\/08\/24101831\/TY-Nails-819x1024.jpg\" alt=\"\" width=\"819\" height=\"1024\" srcset=\"https:\/\/media.chl.ca\/wp-content\/uploads\/sites\/16\/2026\/08\/24101831\/TY-Nails-819x1024.jpg 819w, https:\/\/media.chl.ca\/wp-content\/uploads\/sites\/16\/2026\/08\/24101831\/TY-Nails-240x300.jpg 240w, https:\/\/media.chl.ca\/wp-content\/uploads\/sites\/16\/2026\/08\/24101831\/TY-Nails-768x960.jpg 768w, https:\/\/media.chl.ca\/wp-content\/uploads\/sites\/16\/2026\/08\/24101831\/TY-Nails.jpg 1080w\" sizes=\"auto, (max-width: 819px) 100vw, 819px\" \/><\/p>\n","protected":false},"excerpt":{"rendered":"<p>August 24th 2026 \u2013 The Cape Breton Eagles have traded Forward Hugo Charron to the Charlottetown Islanders in exchange for a 2028 3rd Round Pick &amp; a 2028 8th Round Pick. Charron (08) was drafted 67th overall by the Cape Breton Eagles in the 2024 QMJHL Draft. In his rookie season in 2025-26 he played&hellip;<\/p>\n","protected":false},"author":267,"featured_media":33721,"comment_status":"closed","ping_status":"closed","sticky":false,"template":"","format":"article","meta":{"_acf_changed":false,"footnotes":""},"categories":[86],"tags":false,"class_list":["post-33719","post","type-post","status-publish","format-standard","has-post-thumbnail","hentry","category-article","category-86","description-off"],"acf":[],"featured_image":["https:\/\/media.chl.ca\/wp-content\/uploads\/sites\/16\/2026\/08\/24101522\/HugoNails_Trade.jpg",1080,1350,false],"hide_from_app_feed":false,"video":false,"gallery":null,"ht_game_id":0,"target_video":false,"_links":{"self":[{"href":"https:\/\/chl.ca\/lhjmq-eagles\/wp-json\/wp\/v2\/posts\/33719","targetHints":{"allow":["GET"]}}],"collection":[{"href":"https:\/\/chl.ca\/lhjmq-eagles\/wp-json\/wp\/v2\/posts"}],"about":[{"href":"https:\/\/chl.ca\/lhjmq-eagles\/wp-json\/wp\/v2\/types\/post"}],"author":[{"embeddable":true,"href":"https:\/\/chl.ca\/lhjmq-eagles\/wp-json\/wp\/v2\/users\/267"}],"replies":[{"embeddable":true,"href":"https:\/\/chl.ca\/lhjmq-eagles\/wp-json\/wp\/v2\/comments?post=33719"}],"version-history":[{"count":3,"href":"https:\/\/chl.ca\/lhjmq-eagles\/wp-json\/wp\/v2\/posts\/33719\/revisions"}],"predecessor-version":[{"id":33728,"href":"https:\/\/chl.ca\/lhjmq-eagles\/wp-json\/wp\/v2\/posts\/33719\/revisions\/33728"}],"wp:featuredmedia":[{"embeddable":true,"href":"https:\/\/chl.ca\/lhjmq-eagles\/wp-json\/wp\/v2\/media\/33721"}],"wp:attachment":[{"href":"https:\/\/chl.ca\/lhjmq-eagles\/wp-json\/wp\/v2\/media?parent=33719"}],"wp:term":[{"taxonomy":"category","embeddable":true,"href":"https:\/\/chl.ca\/lhjmq-eagles\/wp-json\/wp\/v2\/categories?post=33719"},{"taxonomy":"post_tag","embeddable":true,"href":"https:\/\/chl.ca\/lhjmq-eagles\/wp-json\/wp\/v2\/tags?post=33719"}],"curies":[{"name":"wp","href":"https:\/\/api.w.org\/{rel}","templated":true}]}},{"id":33713,"date":"2026-08-24T08:47:49","date_gmt":"2026-08-24T12:47:49","guid":{"rendered":"https:\/\/chl.ca\/lhjmq-eagles\/?p=33713"},"modified":"2026-08-25T12:41:23","modified_gmt":"2026-08-25T16:41:23","slug":"roster-moves-august-24th-2026","status":"publish","type":"post","link":"https:\/\/chl.ca\/lhjmq-eagles\/article\/roster-moves-august-24th-2026","title":{"rendered":"Roster Moves (August 24th, 2026)"},"content":{"rendered":"<p><strong>AUG. 24, 2026 \u2013<\/strong> The Cape Breton Eagles have made changes to their 2026 Training Camp roster, with general manager Sylvain Couturier announcing the reassignment of 20 players.<\/p>\n<p><strong>The following players have been reassigned from camp:<\/strong><\/p>\n<ul>\n<li data-section-id=\"ofpeuh\" data-start=\"28\" data-end=\"76\">Malek B\u00e9langer (5th round, 80th overall, 2026)<\/li>\n<li data-section-id=\"1298n3z\" data-start=\"77\" data-end=\"127\">Blake Boutilier (9th round, 156th overall, 2026)<\/li>\n<li data-section-id=\"1obpm1f\" data-start=\"128\" data-end=\"174\">Tyler David (9th round, 152nd overall, 2026)<\/li>\n<li data-section-id=\"19aojkj\" data-start=\"175\" data-end=\"229\">J\u00e9r\u00e9mie Desjardins (10th round, 165th overall, 2026)<\/li>\n<li>Kingston Delisle (6th round, 92nd overall, 2026)<\/li>\n<li data-section-id=\"h8tigw\" data-start=\"230\" data-end=\"280\">Arnaud Duchesne (9th round, 156th overall, 2025)<\/li>\n<li data-section-id=\"1fozj7b\" data-start=\"281\" data-end=\"330\">Thomas Durocher (5th round, 82nd overall, 2026)<\/li>\n<li data-section-id=\"1kermeb\" data-start=\"331\" data-end=\"358\">Ethan Fraser (Free Agent)<\/li>\n<li data-section-id=\"18blp41\" data-start=\"359\" data-end=\"385\">Colby Fleet (Free Agent)<\/li>\n<li data-section-id=\"2vdz9s\" data-start=\"386\" data-end=\"412\">Leo Forance (Free Agent)<\/li>\n<li data-section-id=\"1hsxe49\" data-start=\"413\" data-end=\"458\">Owen Frick (6th round, 101st overall, 2026)<\/li>\n<li data-section-id=\"dmksoc\" data-start=\"459\" data-end=\"507\">J\u00e9r\u00e9mie H\u00e9bert (6th round, 98th overall, 2026)<\/li>\n<li data-section-id=\"odpshn\" data-start=\"508\" data-end=\"535\">Shaun Ingram (Free Agent)<\/li>\n<li data-section-id=\"7zitlc\" data-start=\"587\" data-end=\"640\">Benjamin Lefebvre (11th round, 183rd overall, 2025)<\/li>\n<li data-section-id=\"nw8chn\" data-start=\"641\" data-end=\"690\">Nathan LeBlanc (8th round, 134th overall, 2026)<\/li>\n<li data-section-id=\"1puv1hw\" data-start=\"691\" data-end=\"734\">Enzo L\u00e9vy (2nd round, 35th overall, 2026)<\/li>\n<li data-section-id=\"7fi336\" data-start=\"735\" data-end=\"770\">Gabriel Lopez-Courcy (Free Agent)<\/li>\n<li data-section-id=\"f138my\" data-start=\"771\" data-end=\"818\">Jake Poirier (9th round, 158th overall, 2024)<\/li>\n<li data-section-id=\"1wjpvqc\" data-start=\"819\" data-end=\"849\" data-is-last-node=\"\">Tristan Richard (Free Agent)<\/li>\n<\/ul>\n<p>Free agent invite Sean Millen has elected to leave Eagles camp.<\/p>\n","protected":false},"excerpt":{"rendered":"<p>AUG. 24, 2026 \u2013 The Cape Breton Eagles have made changes to their 2026 Training Camp roster, with general manager Sylvain Couturier announcing the reassignment of 20 players. The following players have been reassigned from camp: Malek B\u00e9langer (5th round, 80th overall, 2026) Blake Boutilier (9th round, 156th overall, 2026) Tyler David (9th round, 152nd&hellip;<\/p>\n","protected":false},"author":267,"featured_media":33714,"comment_status":"closed","ping_status":"closed","sticky":false,"template":"","format":"article","meta":{"_acf_changed":false,"footnotes":""},"categories":[86],"tags":false,"class_list":["post-33713","post","type-post","status-publish","format-standard","has-post-thumbnail","hentry","category-article","category-86","description-off"],"acf":[],"featured_image":["https:\/\/media.chl.ca\/wp-content\/uploads\/sites\/16\/2026\/08\/24084646\/Ru.jpg",1080,1350,false],"hide_from_app_feed":false,"video":false,"gallery":null,"ht_game_id":0,"target_video":false,"_links":{"self":[{"href":"https:\/\/chl.ca\/lhjmq-eagles\/wp-json\/wp\/v2\/posts\/33713","targetHints":{"allow":["GET"]}}],"collection":[{"href":"https:\/\/chl.ca\/lhjmq-eagles\/wp-json\/wp\/v2\/posts"}],"about":[{"href":"https:\/\/chl.ca\/lhjmq-eagles\/wp-json\/wp\/v2\/types\/post"}],"author":[{"embeddable":true,"href":"https:\/\/chl.ca\/lhjmq-eagles\/wp-json\/wp\/v2\/users\/267"}],"replies":[{"embeddable":true,"href":"https:\/\/chl.ca\/lhjmq-eagles\/wp-json\/wp\/v2\/comments?post=33713"}],"version-history":[{"count":7,"href":"https:\/\/chl.ca\/lhjmq-eagles\/wp-json\/wp\/v2\/posts\/33713\/revisions"}],"predecessor-version":[{"id":33732,"href":"https:\/\/chl.ca\/lhjmq-eagles\/wp-json\/wp\/v2\/posts\/33713\/revisions\/33732"}],"wp:featuredmedia":[{"embeddable":true,"href":"https:\/\/chl.ca\/lhjmq-eagles\/wp-json\/wp\/v2\/media\/33714"}],"wp:attachment":[{"href":"https:\/\/chl.ca\/lhjmq-eagles\/wp-json\/wp\/v2\/media?parent=33713"}],"wp:term":[{"taxonomy":"category","embeddable":true,"href":"https:\/\/chl.ca\/lhjmq-eagles\/wp-json\/wp\/v2\/categories?post=33713"},{"taxonomy":"post_tag","embeddable":true,"href":"https:\/\/chl.ca\/lhjmq-eagles\/wp-json\/wp\/v2\/tags?post=33713"}],"curies":[{"name":"wp","href":"https:\/\/api.w.org\/{rel}","templated":true}]}},{"id":33695,"date":"2026-08-17T10:10:21","date_gmt":"2026-08-17T14:10:21","guid":{"rendered":"https:\/\/chl.ca\/lhjmq-eagles\/?p=33695"},"modified":"2026-08-17T10:12:13","modified_gmt":"2026-08-17T14:12:13","slug":"cape-breton-eagles-announce-2026-rookie-camp-roster","status":"publish","type":"post","link":"https:\/\/chl.ca\/lhjmq-eagles\/article\/cape-breton-eagles-announce-2026-rookie-camp-roster","title":{"rendered":"Cape Breton Eagles announce 2026 Rookie Camp roster"},"content":{"rendered":"<p><strong>August 17th, 2026<\/strong> \u2013 The Cape Breton Eagles are pleased to announce the rosters for the club\u2019s 2026 Rookie Camp, with a total of 43 young prospects that will take to the ice as they begin preparations for the upcoming Main Camp.<\/p>\n<p><img loading=\"lazy\" decoding=\"async\" class=\"aligncenter wp-image-33700 size-large\" src=\"https:\/\/media.chl.ca\/wp-content\/uploads\/sites\/16\/2026\/08\/13091637\/Team-Black-819x1024.jpg\" alt=\"\" width=\"819\" height=\"1024\" srcset=\"https:\/\/media.chl.ca\/wp-content\/uploads\/sites\/16\/2026\/08\/13091637\/Team-Black-819x1024.jpg 819w, https:\/\/media.chl.ca\/wp-content\/uploads\/sites\/16\/2026\/08\/13091637\/Team-Black-240x300.jpg 240w, https:\/\/media.chl.ca\/wp-content\/uploads\/sites\/16\/2026\/08\/13091637\/Team-Black-768x960.jpg 768w, https:\/\/media.chl.ca\/wp-content\/uploads\/sites\/16\/2026\/08\/13091637\/Team-Black.jpg 1080w\" sizes=\"auto, (max-width: 819px) 100vw, 819px\" \/><\/p>\n<p>&nbsp;<\/p>\n<p><span style=\"font-size: 24pt\"><strong>Team Black<\/strong><\/span><\/p>\n<p><strong><span style=\"font-size: 14pt\">Goalies<\/span><\/strong><\/p>\n<p><strong>Kingston Delisle<\/strong>, Kahnawake, QC (Draft 2026, Rd #6)<\/p>\n<p><strong>Alexis Noel<\/strong>, Petit-Rocher, NB (Draft 2026, Rd #10)<\/p>\n<p><strong><span style=\"font-size: 14pt\">Defenseman<\/span><\/strong><\/p>\n<p><strong>Jax Ginnish<\/strong>, Membertou, NS (Draft 2025, Rd #6)<\/p>\n<p><strong>Thomas Durocher<\/strong>, Varennes, QC (Draft 2026, Rd #5)<\/p>\n<p><strong>Noah Levy<\/strong>, Laval, QC (Draft 2025, Rd #4)<\/p>\n<p><strong>Nick Ware<\/strong>, Weymouth, MA, USA (Draft 2026, Rd #5)<\/p>\n<p><strong>Mavrick Dufour<\/strong>, Montreal, QC (Invite, 2026)<\/p>\n<p><strong>Shaun Ingram<\/strong>, Lowell, MA, USA (Invite, 2026)<\/p>\n<p><strong><span style=\"font-size: 18.6667px\">Forwards<\/span><\/strong><\/p>\n<p><strong>Enzo L\u00e9vy<\/strong>, Ste-Marthe-sur-le-Lac, QC (Draft 2026, Rd #2)<\/p>\n<p><strong>Charlie MacLeod<\/strong>, Sydney River, NS (Draft 2025, Rd #4)<\/p>\n<p><strong>Benjamin Lefebvre<\/strong>, St-Bruno-de-Montarville, QC (Draft 2025, Rd #11)<\/p>\n<p><strong>Nathan LeBlanc<\/strong>, Moncton, NB (Draft 2026, Rd #8)<\/p>\n<p><strong>Jack Broderick<\/strong>, Yonkers, NY, USA (Invite, 2026)<\/p>\n<p><strong>JT Rothstein<\/strong>, New City, NY, USA (Invite, 2026)<\/p>\n<p><strong>Owen Frick<\/strong>, Holden, MA, USA (Draft 2026, Rd #6)<\/p>\n<p><strong>Tristan Richard<\/strong>, Dieppe, NB (Invite, 2025)<\/p>\n<p><strong>Ethan Fraser<\/strong>, Amherst, NS (Invite, 2026)<\/p>\n<p><strong>Owen Burke<\/strong>, Trumbull, CT, USA (Draft 2025, Rd #11)<\/p>\n<p><strong>Arnaud Duchesne<\/strong>, Lac Beauport, QC (Draft 2025, Rd #9)<\/p>\n<p><strong>Gabriel Lopez-Courcy<\/strong>, Longueuil, QC (Invite, 2026)<\/p>\n<p><strong>Gavin Smith<\/strong>, St. Andrews, NB (Camp Loan, CHA)<\/p>\n<p><img loading=\"lazy\" decoding=\"async\" class=\"aligncenter size-large wp-image-33698\" src=\"https:\/\/media.chl.ca\/wp-content\/uploads\/sites\/16\/2026\/08\/13085839\/Team-White-819x1024.jpg\" alt=\"\" width=\"819\" height=\"1024\" srcset=\"https:\/\/media.chl.ca\/wp-content\/uploads\/sites\/16\/2026\/08\/13085839\/Team-White-819x1024.jpg 819w, https:\/\/media.chl.ca\/wp-content\/uploads\/sites\/16\/2026\/08\/13085839\/Team-White-240x300.jpg 240w, https:\/\/media.chl.ca\/wp-content\/uploads\/sites\/16\/2026\/08\/13085839\/Team-White-768x960.jpg 768w, https:\/\/media.chl.ca\/wp-content\/uploads\/sites\/16\/2026\/08\/13085839\/Team-White.jpg 1080w\" sizes=\"auto, (max-width: 819px) 100vw, 819px\" \/><\/p>\n<p>&nbsp;<\/p>\n<p><span style=\"font-size: 24pt\"><strong>Team White<\/strong><\/span><\/p>\n<p><strong><span style=\"font-size: 14pt\">Goalies<\/span><\/strong><\/p>\n<p>Jake Poirier, Cheticamp, NS (Draft 2024, Rd #9)<\/p>\n<p>Jordan Rittenberg, Halifax, NS (Camp Loan, CHI)<\/p>\n<p>Leo Forance, Antigonish, NS (Invite, 2026)<\/p>\n<p><strong><span style=\"font-size: 14pt\">Defenseman<\/span><\/strong><\/p>\n<p>Easton Anello, Windsor, MA, USA (Draft 2025, Rd #5)<\/p>\n<p>Mason Cook, Huntsville, ON, (Draft 2024, Rd #8)<\/p>\n<p>Tyler David, Elmira, NY, USA (Draft 2026, Rd #9)<\/p>\n<p>Riley Creelman, Halifax NS (Draft 2024, Rd #13)<\/p>\n<p>Tyler Roccas, Hoboken, NJ, USA (Invite, 2026)<\/p>\n<p>Blake Boutilier, Hammonds Plains, NS (Draft 2026, Rd #9)<\/p>\n<p>Luca De Pastena, Laval QC, (Invite, 2026)<\/p>\n<p><strong><span style=\"font-size: 14pt\">Forwards<\/span><\/strong><\/p>\n<p><strong>Drew Murphy<\/strong>, Miscouche, PE (Draft 2025, Rd #2)<\/p>\n<p><strong>CJ Sawyer<\/strong>, Pelham, NH, USA (Draft 2026, Rd #3)<\/p>\n<p><strong>Malek B\u00e9langer<\/strong>, L\u00e9vis, QC (Draft 2026, Rd #5)<\/p>\n<p><strong>J\u00e9r\u00e9mie Desjardins<\/strong>, Shawinigan, QC (Draft 2026, Rd #10)<\/p>\n<p><strong>Sean Millen<\/strong>, Wethersfield, CT, USA (Invite, 2026)<\/p>\n<p><strong>Samuel Nowlan<\/strong>, Saint-Gr\u00e9goire, NB (Draft 2026, Rd #2)<\/p>\n<p><strong>Evan Lyver<\/strong>, Halifax, NS (Draft 2025, Rd #8)<\/p>\n<p><strong>J\u00e9r\u00e9mie H\u00e9bert<\/strong>, Lorraine QC (Draft 2026, Rd #6)<\/p>\n<p><strong>Cooper Ludwar<\/strong>, Burlington, VT, USA (Invite, 2026)<\/p>\n<p><strong>Andrew Migliore<\/strong>, Brooklyn, NY, USA (Invite, 2026)<\/p>\n<p><strong>Colby Fleet<\/strong>, Halifax NS (Invite, 2026)<\/p>\n<p><strong>Brayden Reynolds<\/strong>, New Britain, CT, USA (Invite, 2026)<\/p>\n<p>&nbsp;<\/p>\n<p>2026 Rookie Camp schedule:<\/p>\n<p><img loading=\"lazy\" decoding=\"async\" class=\"aligncenter wp-image-33706 size-large\" src=\"https:\/\/media.chl.ca\/wp-content\/uploads\/sites\/16\/2026\/08\/17100955\/Camp-Schedule-819x1024.jpg\" alt=\"\" width=\"819\" height=\"1024\" srcset=\"https:\/\/media.chl.ca\/wp-content\/uploads\/sites\/16\/2026\/08\/17100955\/Camp-Schedule-819x1024.jpg 819w, https:\/\/media.chl.ca\/wp-content\/uploads\/sites\/16\/2026\/08\/17100955\/Camp-Schedule-240x300.jpg 240w, https:\/\/media.chl.ca\/wp-content\/uploads\/sites\/16\/2026\/08\/17100955\/Camp-Schedule-768x960.jpg 768w, https:\/\/media.chl.ca\/wp-content\/uploads\/sites\/16\/2026\/08\/17100955\/Camp-Schedule.jpg 1080w\" sizes=\"auto, (max-width: 819px) 100vw, 819px\" \/><\/p>\n","protected":false},"excerpt":{"rendered":"<p>August 17th, 2026 \u2013 The Cape Breton Eagles are pleased to announce the rosters for the club\u2019s 2026 Rookie Camp, with a total of 43 young prospects that will take to the ice as they begin preparations for the upcoming Main Camp. &nbsp; Team Black Goalies Kingston Delisle, Kahnawake, QC (Draft 2026, Rd #6) Alexis&hellip;<\/p>\n","protected":false},"author":267,"featured_media":33703,"comment_status":"closed","ping_status":"closed","sticky":false,"template":"","format":"article","meta":{"_acf_changed":false,"footnotes":""},"categories":[86],"tags":false,"class_list":["post-33695","post","type-post","status-publish","format-standard","has-post-thumbnail","hentry","category-article","category-86","description-off"],"acf":[],"featured_image":["https:\/\/media.chl.ca\/wp-content\/uploads\/sites\/16\/2026\/08\/13112617\/Rookie-Camp.jpg",1080,1350,false],"hide_from_app_feed":false,"video":false,"gallery":null,"ht_game_id":0,"target_video":false,"_links":{"self":[{"href":"https:\/\/chl.ca\/lhjmq-eagles\/wp-json\/wp\/v2\/posts\/33695","targetHints":{"allow":["GET"]}}],"collection":[{"href":"https:\/\/chl.ca\/lhjmq-eagles\/wp-json\/wp\/v2\/posts"}],"about":[{"href":"https:\/\/chl.ca\/lhjmq-eagles\/wp-json\/wp\/v2\/types\/post"}],"author":[{"embeddable":true,"href":"https:\/\/chl.ca\/lhjmq-eagles\/wp-json\/wp\/v2\/users\/267"}],"replies":[{"embeddable":true,"href":"https:\/\/chl.ca\/lhjmq-eagles\/wp-json\/wp\/v2\/comments?post=33695"}],"version-history":[{"count":4,"href":"https:\/\/chl.ca\/lhjmq-eagles\/wp-json\/wp\/v2\/posts\/33695\/revisions"}],"predecessor-version":[{"id":33709,"href":"https:\/\/chl.ca\/lhjmq-eagles\/wp-json\/wp\/v2\/posts\/33695\/revisions\/33709"}],"wp:featuredmedia":[{"embeddable":true,"href":"https:\/\/chl.ca\/lhjmq-eagles\/wp-json\/wp\/v2\/media\/33703"}],"wp:attachment":[{"href":"https:\/\/chl.ca\/lhjmq-eagles\/wp-json\/wp\/v2\/media?parent=33695"}],"wp:term":[{"taxonomy":"category","embeddable":true,"href":"https:\/\/chl.ca\/lhjmq-eagles\/wp-json\/wp\/v2\/categories?post=33695"},{"taxonomy":"post_tag","embeddable":true,"href":"https:\/\/chl.ca\/lhjmq-eagles\/wp-json\/wp\/v2\/tags?post=33695"}],"curies":[{"name":"wp","href":"https:\/\/api.w.org\/{rel}","templated":true}]}},{"id":33597,"date":"2026-06-18T12:43:19","date_gmt":"2026-06-18T16:43:19","guid":{"rendered":"https:\/\/chl.ca\/lhjmq-eagles\/?p=33597"},"modified":"2026-06-18T12:43:19","modified_gmt":"2026-06-18T16:43:19","slug":"eagles-announce-two-scout-hires","status":"publish","type":"post","link":"https:\/\/chl.ca\/lhjmq-eagles\/article\/eagles-announce-two-scout-hires","title":{"rendered":"Eagles Announce Two Scout Hires"},"content":{"rendered":"<p><strong>June 18, 2026<\/strong> \u2013 The Cape Breton Eagles are pleased to announce the addition of R.C. Lyke and Tomas Zubrus to the club&#8217;s scouting staff. Both bring valuable experience and insight to the organization as the Eagles continue to strengthen their scouting department.<\/p>\n<p>Zubrus began his scouting career with the Youngstown Phantoms of the USHL during the 2024\u201325 season, where he spent one year with the organization.<\/p>\n<p data-start=\"145\" data-end=\"310\">He has since been with the Valleyfield Braves for the past two years and was hired as a scout by the Reading Royals (ECHL) in June 2025, a role he continues to hold.<\/p>\n<p data-start=\"312\" data-end=\"674\" data-is-last-node=\"\" data-is-only-node=\"\">In addition to his scouting work, he was also involved in a semi-professional expansion project in Hong Kong, where he and a group of partners purchased and operated a new team during the 2026 season. Serving as Assistant General Manager and co-owner of the HK Panda, he helped guide the organization to success, capturing a championship in its inaugural season.<\/p>\n<p data-ogsc=\"rgb(26, 26, 26)\" data-olk-copy-source=\"MessageBody\">R.C. Lyke, a native of Poughkeepsie, NY, grew up playing AAA hockey for the Ramapo Saints. He went on to play for Suffern High School for two years, where he stood out as a defenseman, leading his team, the county, and the district in points by a defenseman. For his efforts, R.C. was named to both the All-County and All-District teams while helping lead the perennial New York State powerhouse to two Final Four appearances. Years after graduating, he was inducted into the Suffern Hockey Hall of Fame for his accomplishments while playing with the Mounties.<\/p>\n<p data-ogsc=\"rgb(26, 26, 26)\">R.C. enjoyed a highly successful Junior A career, including a stint in the NAHL, where he won a Robertson Cup Championship with the Springfield Jr. Blues. He also played for the Bismarck Bobcats in the AFHL, serving as team captain and being selected to represent the league in the King of the Hill tournament as part of the AFHL All-Star Team. He finished his junior career in the OPJHL with the Syracuse Crunch, where he captained the team and was selected as an All-Star.<\/p>\n<p data-ogsc=\"rgb(26, 26, 26)\">Coach Lyke earned an athletic scholarship to play NCAA Division I hockey at Mercyhurst University. While at Mercyhurst, R.C. quickly gained the respect of his teammates as a key part of their defensive core, which anchored the team\u2019s MAAC Championship run and appearance in the NCAA Division I National Tournament. Years after graduating, he was inducted into the Mercyhurst University Hall of Fame for his accomplishments with the men\u2019s hockey program.<\/p>\n<p data-ogsc=\"rgb(26, 26, 26)\">Following his collegiate career, R.C. played seven years of professional hockey in the IHL, UHL, CHL, and SPHL. He concluded his pro career with the Richmond Renegades in the SPHL, serving as a player-coach during his final two seasons. Known as a solid, hard-hitting, and tough defensive defenseman, R.C. played 418 professional games, recording 20 goals, 71 assists, 91 points, and 632 penalty minutes.<\/p>\n<p data-ogsc=\"rgb(26, 26, 26)\">After retiring from professional play, R.C. transitioned seamlessly into coaching. In 2009, he founded the Richmond Generals AA\/AAA Youth and Junior A hockey organizations. Over a 12-year span, he developed the Generals into a nationally recognized developmental program. Behind the bench, Coach Lyke amassed an impressive record, securing over 819 regular-season and playoff wins in 1,071 games.<\/p>\n<p data-ogsc=\"rgb(26, 26, 26)\">He was nominated for \u201cCoach of the Year\u201d seven times during his tenure and won the MetJHL \u201cCoach of the Year\u201d award for the 2013\u20132014 season.<\/p>\n<p data-ogsc=\"rgb(26, 26, 26)\">Coach Lyke has also served as Head Scout for several organizations, including the Topeka RoadRunners (NAHL), the Aberdeen Wings (NAHL), the Carleton Place Canadians (CCHL), and the Twin City Thunder (NCDC).<\/p>\n","protected":false},"excerpt":{"rendered":"<p>June 18, 2026 \u2013 The Cape Breton Eagles are pleased to announce the addition of R.C. Lyke and Tomas Zubrus to the club&#8217;s scouting staff. Both bring valuable experience and insight to the organization as the Eagles continue to strengthen their scouting department. Zubrus began his scouting career with the Youngstown Phantoms of the USHL&hellip;<\/p>\n","protected":false},"author":267,"featured_media":33598,"comment_status":"closed","ping_status":"closed","sticky":false,"template":"","format":"article","meta":{"_acf_changed":false,"footnotes":""},"categories":[86],"tags":false,"class_list":["post-33597","post","type-post","status-publish","format-standard","has-post-thumbnail","hentry","category-article","category-86","description-off"],"acf":[],"featured_image":["https:\/\/media.chl.ca\/wp-content\/uploads\/sites\/16\/2026\/06\/17100104\/Welcome-Website.jpg",1200,900,false],"hide_from_app_feed":false,"video":false,"gallery":null,"ht_game_id":0,"target_video":false,"_links":{"self":[{"href":"https:\/\/chl.ca\/lhjmq-eagles\/wp-json\/wp\/v2\/posts\/33597","targetHints":{"allow":["GET"]}}],"collection":[{"href":"https:\/\/chl.ca\/lhjmq-eagles\/wp-json\/wp\/v2\/posts"}],"about":[{"href":"https:\/\/chl.ca\/lhjmq-eagles\/wp-json\/wp\/v2\/types\/post"}],"author":[{"embeddable":true,"href":"https:\/\/chl.ca\/lhjmq-eagles\/wp-json\/wp\/v2\/users\/267"}],"replies":[{"embeddable":true,"href":"https:\/\/chl.ca\/lhjmq-eagles\/wp-json\/wp\/v2\/comments?post=33597"}],"version-history":[{"count":0,"href":"https:\/\/chl.ca\/lhjmq-eagles\/wp-json\/wp\/v2\/posts\/33597\/revisions"}],"wp:featuredmedia":[{"embeddable":true,"href":"https:\/\/chl.ca\/lhjmq-eagles\/wp-json\/wp\/v2\/media\/33598"}],"wp:attachment":[{"href":"https:\/\/chl.ca\/lhjmq-eagles\/wp-json\/wp\/v2\/media?parent=33597"}],"wp:term":[{"taxonomy":"category","embeddable":true,"href":"https:\/\/chl.ca\/lhjmq-eagles\/wp-json\/wp\/v2\/categories?post=33597"},{"taxonomy":"post_tag","embeddable":true,"href":"https:\/\/chl.ca\/lhjmq-eagles\/wp-json\/wp\/v2\/tags?post=33597"}],"curies":[{"name":"wp","href":"https:\/\/api.w.org\/{rel}","templated":true}]}},{"id":33600,"date":"2026-06-17T11:10:32","date_gmt":"2026-06-17T15:10:32","guid":{"rendered":"https:\/\/chl.ca\/lhjmq-eagles\/?p=33600"},"modified":"2026-06-17T11:10:32","modified_gmt":"2026-06-17T15:10:32","slug":"cape-breton-eagles-commit-to-forward-jack-broderick-for-2026-27-season","status":"publish","type":"post","link":"https:\/\/chl.ca\/lhjmq-eagles\/article\/cape-breton-eagles-commit-to-forward-jack-broderick-for-2026-27-season","title":{"rendered":"Cape Breton Eagles Commit to Forward Jack Broderick for 2026-27 Season"},"content":{"rendered":"<p class=\"x_isSelectedEnd\"><span data-ogsc=\"rgb(0, 0, 0)\" data-olk-copy-source=\"MessageBody\"><strong>June 17, 2026<\/strong> \u2013 The Cape Breton Eagles are pleased to announce the commitment of forward Jack Broderick\u00a0to the club for the upcoming season.<\/span><\/p>\n<p class=\"x_isSelectedEnd\"><span data-ogsc=\"rgb(0, 0, 0)\">After closely following Broderick&#8217;s development, the Eagles organization has made the decision to commit a roster spot to the talented forward, marking a significant addition to the team&#8217;s future plans.<\/span><\/p>\n<p class=\"x_isSelectedEnd\"><span data-ogsc=\"rgb(0, 0, 0)\">While the Eagles have welcomed several players to training camp through free agent invitations in recent days, Broderick&#8217;s announcement represents something different. The organization has identified Broderick as a player who fits both the team&#8217;s competitive vision and long-term development strategy, leading to a formal commitment ahead of training camp.<\/span><\/p>\n<p>In the 2025-26 season Broderick played for both Yale Jr. Bulldogs 18U AAA &amp; Kent School. For the Bulldogs he scored 52 points in 26 games played, and for Kent School he put up 45 points in 25 games. He is committed to Cornell University in the near future.<\/p>\n<p class=\"x_isSelectedEnd\"><span data-ogsc=\"rgb(0, 0, 0)\">&#8220;Jack is a player we&#8217;ve been very impressed with throughout the evaluation process,&#8221; said Eagles GM Sylvain Couturier. &#8220;His work ethic, character, and potential make him an exciting addition to our organization. We&#8217;re thrilled to officially welcome him to Cape Breton and look forward to seeing him continue his development in an Eagles uniform.&#8221;<\/span><\/p>\n<p class=\"x_isSelectedEnd\"><span data-ogsc=\"rgb(0, 0, 0)\">Broderick&#8217;s commitment reflects the organization&#8217;s continued efforts to build a competitive roster while investing in players who embody the culture and standards of the Cape Breton Eagles.<\/span><\/p>\n<p><span data-ogsc=\"rgb(0, 0, 0)\">The Eagles look forward to welcoming Jack and his family to the organization as preparations continue for the upcoming season.<\/span><\/p>\n","protected":false},"excerpt":{"rendered":"<p>June 17, 2026 \u2013 The Cape Breton Eagles are pleased to announce the commitment of forward Jack Broderick\u00a0to the club for the upcoming season. After closely following Broderick&#8217;s development, the Eagles organization has made the decision to commit a roster spot to the talented forward, marking a significant addition to the team&#8217;s future plans. While&hellip;<\/p>\n","protected":false},"author":267,"featured_media":33601,"comment_status":"closed","ping_status":"closed","sticky":false,"template":"","format":"article","meta":{"_acf_changed":false,"footnotes":""},"categories":[86],"tags":false,"class_list":["post-33600","post","type-post","status-publish","format-standard","has-post-thumbnail","hentry","category-article","category-86","description-off"],"acf":[],"featured_image":["https:\/\/media.chl.ca\/wp-content\/uploads\/sites\/16\/2026\/06\/17110444\/Broderick-INV.jpg",1080,1350,false],"hide_from_app_feed":false,"video":false,"gallery":null,"ht_game_id":0,"target_video":false,"_links":{"self":[{"href":"https:\/\/chl.ca\/lhjmq-eagles\/wp-json\/wp\/v2\/posts\/33600","targetHints":{"allow":["GET"]}}],"collection":[{"href":"https:\/\/chl.ca\/lhjmq-eagles\/wp-json\/wp\/v2\/posts"}],"about":[{"href":"https:\/\/chl.ca\/lhjmq-eagles\/wp-json\/wp\/v2\/types\/post"}],"author":[{"embeddable":true,"href":"https:\/\/chl.ca\/lhjmq-eagles\/wp-json\/wp\/v2\/users\/267"}],"replies":[{"embeddable":true,"href":"https:\/\/chl.ca\/lhjmq-eagles\/wp-json\/wp\/v2\/comments?post=33600"}],"version-history":[{"count":0,"href":"https:\/\/chl.ca\/lhjmq-eagles\/wp-json\/wp\/v2\/posts\/33600\/revisions"}],"wp:featuredmedia":[{"embeddable":true,"href":"https:\/\/chl.ca\/lhjmq-eagles\/wp-json\/wp\/v2\/media\/33601"}],"wp:attachment":[{"href":"https:\/\/chl.ca\/lhjmq-eagles\/wp-json\/wp\/v2\/media?parent=33600"}],"wp:term":[{"taxonomy":"category","embeddable":true,"href":"https:\/\/chl.ca\/lhjmq-eagles\/wp-json\/wp\/v2\/categories?post=33600"},{"taxonomy":"post_tag","embeddable":true,"href":"https:\/\/chl.ca\/lhjmq-eagles\/wp-json\/wp\/v2\/tags?post=33600"}],"curies":[{"name":"wp","href":"https:\/\/api.w.org\/{rel}","templated":true}]}},{"id":33579,"date":"2026-06-09T14:07:00","date_gmt":"2026-06-09T18:07:00","guid":{"rendered":"https:\/\/chl.ca\/lhjmq-eagles\/?p=33579"},"modified":"2026-06-09T14:07:00","modified_gmt":"2026-06-09T18:07:00","slug":"beckman-and-berthiaume-named-to-team-canada-camps","status":"publish","type":"post","link":"https:\/\/chl.ca\/lhjmq-eagles\/article\/beckman-and-berthiaume-named-to-team-canada-camps","title":{"rendered":"Beckman and Berthiaume named to Team Canada camps"},"content":{"rendered":"<p>Two Eagles goaltenders have been named to Team Canada camps in the upcoming summer.<\/p>\n<p>Lucas Beckman, was acquired on Friday, June 5th from the Chicoutimi Saguen\u00e9ens has been invited to attend the Summer Showcase for Canada&#8217;s National Junior Team from July 27th to August 1st in Windsor, ON. The showcase will feature games with Sweden, Finland and USA.<\/p>\n<p>Sam Berthiaume has been invited to attend the Hlinka Gretzky Cup camp this summer for Team Canada. Berthiaume was drafted 25th overall in the 2025 QMJHL Draft and played one game for the Eagles last season.<\/p>\n","protected":false},"excerpt":{"rendered":"<p>Two Eagles goaltenders have been named to Team Canada camps in the upcoming summer. Lucas Beckman, was acquired on Friday, June 5th from the Chicoutimi Saguen\u00e9ens has been invited to attend the Summer Showcase for Canada&#8217;s National Junior Team from July 27th to August 1st in Windsor, ON. The showcase will feature games with Sweden,&hellip;<\/p>\n","protected":false},"author":267,"featured_media":33580,"comment_status":"closed","ping_status":"closed","sticky":false,"template":"","format":"article","meta":{"_acf_changed":false,"footnotes":""},"categories":[86],"tags":false,"class_list":["post-33579","post","type-post","status-publish","format-standard","has-post-thumbnail","hentry","category-article","category-86","description-off"],"acf":[],"featured_image":["https:\/\/media.chl.ca\/wp-content\/uploads\/sites\/16\/2026\/06\/09140642\/Graphics-103.jpg",1080,1350,false],"hide_from_app_feed":false,"video":false,"gallery":null,"ht_game_id":0,"target_video":false,"_links":{"self":[{"href":"https:\/\/chl.ca\/lhjmq-eagles\/wp-json\/wp\/v2\/posts\/33579","targetHints":{"allow":["GET"]}}],"collection":[{"href":"https:\/\/chl.ca\/lhjmq-eagles\/wp-json\/wp\/v2\/posts"}],"about":[{"href":"https:\/\/chl.ca\/lhjmq-eagles\/wp-json\/wp\/v2\/types\/post"}],"author":[{"embeddable":true,"href":"https:\/\/chl.ca\/lhjmq-eagles\/wp-json\/wp\/v2\/users\/267"}],"replies":[{"embeddable":true,"href":"https:\/\/chl.ca\/lhjmq-eagles\/wp-json\/wp\/v2\/comments?post=33579"}],"version-history":[{"count":0,"href":"https:\/\/chl.ca\/lhjmq-eagles\/wp-json\/wp\/v2\/posts\/33579\/revisions"}],"wp:featuredmedia":[{"embeddable":true,"href":"https:\/\/chl.ca\/lhjmq-eagles\/wp-json\/wp\/v2\/media\/33580"}],"wp:attachment":[{"href":"https:\/\/chl.ca\/lhjmq-eagles\/wp-json\/wp\/v2\/media?parent=33579"}],"wp:term":[{"taxonomy":"category","embeddable":true,"href":"https:\/\/chl.ca\/lhjmq-eagles\/wp-json\/wp\/v2\/categories?post=33579"},{"taxonomy":"post_tag","embeddable":true,"href":"https:\/\/chl.ca\/lhjmq-eagles\/wp-json\/wp\/v2\/tags?post=33579"}],"curies":[{"name":"wp","href":"https:\/\/api.w.org\/{rel}","templated":true}]}},{"id":33558,"date":"2026-06-05T20:04:32","date_gmt":"2026-06-06T00:04:32","guid":{"rendered":"https:\/\/chl.ca\/lhjmq-eagles\/?p=33558"},"modified":"2026-06-05T20:04:32","modified_gmt":"2026-06-06T00:04:32","slug":"eagles-acquire-beckman-gosselin-lefebvre-from-the-chicoutimi-sagueneens","status":"publish","type":"post","link":"https:\/\/chl.ca\/lhjmq-eagles\/article\/eagles-acquire-beckman-gosselin-lefebvre-from-the-chicoutimi-sagueneens","title":{"rendered":"Eagles acquire Beckman, Gosselin, Lefebvre from the Chicoutimi Saguen\u00e9ens"},"content":{"rendered":"<p><strong>June 4, 2026<\/strong> \u2013 The Cape Breton Eagles have acquired three players from the 2026 Gilles-Courteau Champions Chicoutimi Saguen\u00e9ens.<\/p>\n<p>The players include goaltender Lucas Beckman, defenceman Alonso Gosselin, and forward Liam Lefebvre.<\/p>\n<p>Beckman [2007] is a second-round selection (35th overall) in the 2023 QMJHL Draft by the Baie-Comeau Drakkar. He played 96 total games with the Drakkar before getting traded to Chicoutimi at the 2025-26 December Trade Period. In his QMJHL career he has 76 wins with a .918 save percentage. In the summer of 2025, he was selected 97th overall in the NHL Draft by the Ottawa Senators.<\/p>\n<p>Gosselin [2007] was taken in the fifth round (79th overall) in the 2023 QMJHL Draft by the Chicoutimi Saguen\u00e9ens. The 6&#8217;1&#8243; defenceman known for his toughness and offensive skills has 153 total games played in the QMJHL career with 14 goals and 52 points.<\/p>\n<p>Lefebvre [2007] was a camp-invite in 2024 for Rimouski Oceanic. In his 2024-25 season he played for the Trinity-Pawling School in USHS-Prep, scoring 57 points in 25 games. In his rookie season in the QMJHL he played 34 games with the Oceanic, scoring 29 points. He was then traded to the Chicoutimi Saguen\u00e9ens during the 2025-26 Trade Period. Where he played a total of 45 games, putting up 42points. In the upcoming NHL Draft Lefebvre is ranked 38th among North American skaters.<\/p>\n<p>In return the Eagles traded a 2026 first-round pick (CAP), 2026 CHL Import Draft first-round pick (CAP), 2026 second-round pick (QUE), 2026 sixth-round pick, 2027 third-round pick (RIM) and 2028 first-round pick (CAP).<\/p>\n","protected":false},"excerpt":{"rendered":"<p>June 4, 2026 \u2013 The Cape Breton Eagles have acquired three players from the 2026 Gilles-Courteau Champions Chicoutimi Saguen\u00e9ens. The players include goaltender Lucas Beckman, defenceman Alonso Gosselin, and forward Liam Lefebvre. Beckman [2007] is a second-round selection (35th overall) in the 2023 QMJHL Draft by the Baie-Comeau Drakkar. He played 96 total games with&hellip;<\/p>\n","protected":false},"author":267,"featured_media":33578,"comment_status":"closed","ping_status":"closed","sticky":false,"template":"","format":"article","meta":{"_acf_changed":false,"footnotes":""},"categories":[86],"tags":false,"class_list":["post-33558","post","type-post","status-publish","format-standard","has-post-thumbnail","hentry","category-article","category-86","description-off"],"acf":[],"featured_image":["https:\/\/media.chl.ca\/wp-content\/uploads\/sites\/16\/2026\/06\/05180422\/BGL_Trade-2.jpg",1080,1350,false],"hide_from_app_feed":false,"video":false,"gallery":null,"ht_game_id":0,"target_video":false,"_links":{"self":[{"href":"https:\/\/chl.ca\/lhjmq-eagles\/wp-json\/wp\/v2\/posts\/33558","targetHints":{"allow":["GET"]}}],"collection":[{"href":"https:\/\/chl.ca\/lhjmq-eagles\/wp-json\/wp\/v2\/posts"}],"about":[{"href":"https:\/\/chl.ca\/lhjmq-eagles\/wp-json\/wp\/v2\/types\/post"}],"author":[{"embeddable":true,"href":"https:\/\/chl.ca\/lhjmq-eagles\/wp-json\/wp\/v2\/users\/267"}],"replies":[{"embeddable":true,"href":"https:\/\/chl.ca\/lhjmq-eagles\/wp-json\/wp\/v2\/comments?post=33558"}],"version-history":[{"count":0,"href":"https:\/\/chl.ca\/lhjmq-eagles\/wp-json\/wp\/v2\/posts\/33558\/revisions"}],"wp:featuredmedia":[{"embeddable":true,"href":"https:\/\/chl.ca\/lhjmq-eagles\/wp-json\/wp\/v2\/media\/33578"}],"wp:attachment":[{"href":"https:\/\/chl.ca\/lhjmq-eagles\/wp-json\/wp\/v2\/media?parent=33558"}],"wp:term":[{"taxonomy":"category","embeddable":true,"href":"https:\/\/chl.ca\/lhjmq-eagles\/wp-json\/wp\/v2\/categories?post=33558"},{"taxonomy":"post_tag","embeddable":true,"href":"https:\/\/chl.ca\/lhjmq-eagles\/wp-json\/wp\/v2\/tags?post=33558"}],"curies":[{"name":"wp","href":"https:\/\/api.w.org\/{rel}","templated":true}]}},{"id":33567,"date":"2026-06-04T09:56:35","date_gmt":"2026-06-04T13:56:35","guid":{"rendered":"https:\/\/chl.ca\/lhjmq-eagles\/?p=33567"},"modified":"2026-06-04T09:56:35","modified_gmt":"2026-06-04T13:56:35","slug":"eagles-add-schafer-from-the-sagueneens","status":"publish","type":"post","link":"https:\/\/chl.ca\/lhjmq-eagles\/article\/eagles-add-schafer-from-the-sagueneens","title":{"rendered":"Eagles add Sch\u00e4fer from the Saguen\u00e9ens"},"content":{"rendered":"<p>The Eagles have announced that they have traded for Foward Maxim Sch\u00e4fer from the league-winning Chicoutimi Saguen\u00e9ens.<\/p>\n<p>Sch\u00e4fer [2007] is a German-born forward, being selected 18th overall in the 2025 CHL Import Draft. Before coming the QMJHL, Maxim played for Eisb\u00e4ren Berlin in the DEL, playing 31 total games. In the summer of 2025, Sch\u00e4fer was selected 96th overall in the NHL Draft by the Washington Capitals. In his rookie season in the QMJHL he played 61 games, recording 52 points.<\/p>\n<p>Going the other way, the Eagles send a 2026 fifth-round pick (CHI), and Defenceman William Dub\u00e9 (2009).<\/p>\n<p>Dub\u00e9 played a total of 12 games with the Eagles last season including playoffs and was a 3rd round-pick (40th overall) in the 2025 QMJHL Draft.<\/p>\n","protected":false},"excerpt":{"rendered":"<p>The Eagles have announced that they have traded for Foward Maxim Sch\u00e4fer from the league-winning Chicoutimi Saguen\u00e9ens. Sch\u00e4fer [2007] is a German-born forward, being selected 18th overall in the 2025 CHL Import Draft. Before coming the QMJHL, Maxim played for Eisb\u00e4ren Berlin in the DEL, playing 31 total games. In the summer of 2025, Sch\u00e4fer&hellip;<\/p>\n","protected":false},"author":267,"featured_media":33569,"comment_status":"closed","ping_status":"closed","sticky":false,"template":"","format":"article","meta":{"_acf_changed":false,"footnotes":""},"categories":[86],"tags":false,"class_list":["post-33567","post","type-post","status-publish","format-standard","has-post-thumbnail","hentry","category-article","category-86","description-off"],"acf":[],"featured_image":["https:\/\/media.chl.ca\/wp-content\/uploads\/sites\/16\/2026\/06\/03093951\/Schafer_Trade.jpg",1080,1350,false],"hide_from_app_feed":false,"video":false,"gallery":null,"ht_game_id":0,"target_video":false,"_links":{"self":[{"href":"https:\/\/chl.ca\/lhjmq-eagles\/wp-json\/wp\/v2\/posts\/33567","targetHints":{"allow":["GET"]}}],"collection":[{"href":"https:\/\/chl.ca\/lhjmq-eagles\/wp-json\/wp\/v2\/posts"}],"about":[{"href":"https:\/\/chl.ca\/lhjmq-eagles\/wp-json\/wp\/v2\/types\/post"}],"author":[{"embeddable":true,"href":"https:\/\/chl.ca\/lhjmq-eagles\/wp-json\/wp\/v2\/users\/267"}],"replies":[{"embeddable":true,"href":"https:\/\/chl.ca\/lhjmq-eagles\/wp-json\/wp\/v2\/comments?post=33567"}],"version-history":[{"count":0,"href":"https:\/\/chl.ca\/lhjmq-eagles\/wp-json\/wp\/v2\/posts\/33567\/revisions"}],"wp:featuredmedia":[{"embeddable":true,"href":"https:\/\/chl.ca\/lhjmq-eagles\/wp-json\/wp\/v2\/media\/33569"}],"wp:attachment":[{"href":"https:\/\/chl.ca\/lhjmq-eagles\/wp-json\/wp\/v2\/media?parent=33567"}],"wp:term":[{"taxonomy":"category","embeddable":true,"href":"https:\/\/chl.ca\/lhjmq-eagles\/wp-json\/wp\/v2\/categories?post=33567"},{"taxonomy":"post_tag","embeddable":true,"href":"https:\/\/chl.ca\/lhjmq-eagles\/wp-json\/wp\/v2\/tags?post=33567"}],"curies":[{"name":"wp","href":"https:\/\/api.w.org\/{rel}","templated":true}]}}]